{"id":37853,"date":"2025-03-08T15:45:03","date_gmt":"2025-03-08T15:45:03","guid":{"rendered":"https:\/\/247stiri.ro\/index.php\/2025\/03\/08\/cod-rutier-2025-cum-se-anuleaza-amenda-de-radar-ce-informatii-trebuie-sa-aiba-obligatoriu-contraventia\/"},"modified":"2025-03-08T15:45:03","modified_gmt":"2025-03-08T15:45:03","slug":"cod-rutier-2025-cum-se-anuleaza-amenda-de-radar-ce-informatii-trebuie-sa-aiba-obligatoriu-contraventia","status":"publish","type":"post","link":"https:\/\/247stiri.ro\/index.php\/2025\/03\/08\/cod-rutier-2025-cum-se-anuleaza-amenda-de-radar-ce-informatii-trebuie-sa-aiba-obligatoriu-contraventia\/","title":{"rendered":"Cod Rutier 2025: Cum se anuleaz\u0103 amenda de radar. Ce informa\u021bii trebuie s\u0103 aib\u0103 obligatoriu contraven\u021bia"},"content":{"rendered":"<p>Tot mai mul\u021bi \u0219oferi au fost amenda\u021bi pentru vitez\u0103, odat\u0103 cu instalarea noilor radare pe trepied. \u00cens\u0103, amenda de radar se poate anula din mai multe motive. Iat\u0103 care sunt principalele gre\u0219eli f\u0103cute de poli\u021bi\u0219ti, care duc la anularea sanc\u021biunii.<\/p>\n<p>\u00a0<\/p>\n<p>Poli\u021bia Rutier\u0103 a fost dotat\u0103, \u00een 2025, cu 700 de dispozitive moderne de monitorizare a traficului. Acestea se adaug\u0103 celor aproximativ 300 de sisteme mobile de detectare a vitezomanilor.<\/p>\n<p>\u00a0<\/p>\n<p>Pistoalele\u00a0radar\u00a0montate pe trepied filmeaz\u0103 f\u0103r\u0103 \u00eentrerupere un anumit tronson de drum.<\/p>\n<p>Imaginile sunt apoi analizate la sediul Poli\u021biei, iar \u0219oferii \u00eenregistra\u021bi c\u0103 au dep\u0103\u0219it viteza legal\u0103 sau au comis alt\u0103 abatere \u00een trafic, primesc amenda acas\u0103.<\/p>\n<p>\u00a0\u00cen ce situa\u021bii se anuleaz\u0103?<\/p>\n<p>Sunt mai multe situa\u021bii \u00een care amenda de radar se anuleaz\u0103. \u00cen general, \u0219oferii care vor s\u0103 scape de sanc\u021biune, solicit\u0103 \u00een instan\u021b\u0103 anularea\u00a0amenzii.<\/p>\n<p>Principalele motive invocate sunt legalitatea procesului-verbal sau temeinicia faptelor consemnate. Mai exact, contest\u0103 ori informa\u021biile scrise \u00een procesul-verbal, ori faptele pentru care a fost sanc\u021bionat.<\/p>\n<p>\u00a0<\/p>\n<p>Dar, un alt motiv care poate duce la anularea amenzii este prescrierea faptei.<\/p>\n<p>Autorit\u0103\u021bile au un termen limitat \u00een care pot transmite \u0219oferului amenda de radar. Dac\u0103 aceast\u0103 perioad\u0103 e depa\u0219it\u0103, fapta se prescrie.<\/p>\n<p>Ce gre\u0219eli sunt comise de poli\u021bi\u0219ti cel mai des<\/p>\n<p>Printre cele mai frecvente gre\u0219eli comise de poli\u021bi\u0219ti sunt cele referitoare la informa\u021biile trecute \u00een procesul verbal.<\/p>\n<p>Agentul constatator fie omite s\u0103 treac\u0103 anumite date, fie le noteaz\u0103 gre\u0219it.<\/p>\n<p>Informa\u021bii obligatorii care trebuie scrise corect \u0219i complet \u00een\u00a0amenda\u00a0de radar:<\/p>\n<p>datele de identificare ale contravenientului, inclusiv CNP-ul;datele agentului constatator (nume, prenume, func\u021bie, institu\u021bie);data \u0219i locul \u00eencheierii procesului-verbal;descrierea faptei contraven\u021bionale, inclusiv men\u021bionarea datei, orei, a locului \u0219i a \u00eemprejur\u0103rilor (\u00een urma c\u0103rora pot rezulta informa\u021bii l\u0103muritoare despre gravitatea faptei);\u00eencadrarea faptei \u00een textul legii \u0219i identificarea exact\u0103 a prevederilor legale \u00eenc\u0103lcate;semn\u0103tura agentului constatator nu e pe fiecare pagin\u0103 a procesului-verbal.<\/p>\n<p>Prescrierea faptei intervine \u00een urm\u0103toarele situa\u021bii:<\/p>\n<p>sanc\u021biunea e aplicat\u0103 la mai mult de 6 luni de la data s\u0103v\u00e2r\u0219irii faptei;procesul-verbal nu a fost comunicat contravenientului \u00een termen de 2 luni de la data aplic\u0103rii sanc\u021biunii.<\/p>\n<p>Amenda de radar difer\u0103 \u00een func\u021bie de viteza cu care a fost dep\u0103\u0219it\u0103 limita:<\/p>\n<p>10-20 km\/h: 2-3 puncte de amend\u0103;21-30 km\/h: 4-5 puncte de amend\u0103;31-40 km\/h: 6-8 puncte de amend\u0103;Peste 41 km\/h: 9-20 de puncte de amend\u0103.\u00a0<\/p>\n<p>Dac\u0103 limita de vitez\u0103 e dep\u0103\u0219it\u0103 cu mai mult de 50 km\/h, permisul va fi suspendat pentru 90 de zile.<\/p>\n<p>Iar la peste 70 km\/h, carnetul va fi re\u021binut 120 de zile. Punctul de amend\u0103, \u00een 2025, este 202,5 lei \u0219i reprezint\u0103 5% din salariul minim brut pe \u021bar\u0103.<\/p>\n<p><a href=\"https:\/\/www.promotor.ro\/stiri-auto\/2025-cum-se-anuleaza-amenda-de-radar-greseli-frecvente-comise-de-politisti-19367474\" target=\"_blank\">SURSA<\/a><\/p>","protected":false},"excerpt":{"rendered":"<p>Tot mai mul\u021bi \u0219oferi au fost amenda\u021bi pentru vitez\u0103, odat\u0103 cu instalarea noilor radare pe&hellip;<\/p>\n","protected":false},"author":0,"featured_media":37840,"comment_status":"open","ping_status":"open","sticky":false,"template":"","format":"standard","meta":{"footnotes":""},"categories":[2],"tags":[],"class_list":["post-37853","post","type-post","status-publish","format-standard","has-post-thumbnail","hentry","category-actual"],"_links":{"self":[{"href":"https:\/\/247stiri.ro\/index.php\/wp-json\/wp\/v2\/posts\/37853","targetHints":{"allow":["GET"]}}],"collection":[{"href":"https:\/\/247stiri.ro\/index.php\/wp-json\/wp\/v2\/posts"}],"about":[{"href":"https:\/\/247stiri.ro\/index.php\/wp-json\/wp\/v2\/types\/post"}],"replies":[{"embeddable":true,"href":"https:\/\/247stiri.ro\/index.php\/wp-json\/wp\/v2\/comments?post=37853"}],"version-history":[{"count":0,"href":"https:\/\/247stiri.ro\/index.php\/wp-json\/wp\/v2\/posts\/37853\/revisions"}],"wp:featuredmedia":[{"embeddable":true,"href":"https:\/\/247stiri.ro\/index.php\/wp-json\/wp\/v2\/media\/37840"}],"wp:attachment":[{"href":"https:\/\/247stiri.ro\/index.php\/wp-json\/wp\/v2\/media?parent=37853"}],"wp:term":[{"taxonomy":"category","embeddable":true,"href":"https:\/\/247stiri.ro\/index.php\/wp-json\/wp\/v2\/categories?post=37853"},{"taxonomy":"post_tag","embeddable":true,"href":"https:\/\/247stiri.ro\/index.php\/wp-json\/wp\/v2\/tags?post=37853"}],"curies":[{"name":"wp","href":"https:\/\/api.w.org\/{rel}","templated":true}]}}