{"id":37862,"date":"2025-03-08T16:45:42","date_gmt":"2025-03-08T16:45:42","guid":{"rendered":"https:\/\/247stiri.ro\/index.php\/2025\/03\/08\/o-tara-din-afara-nato-dispusa-sa-trimita-trupe-in-ucraina-in-cazul-unui-acord-de-incetare-a-focului\/"},"modified":"2025-03-08T16:45:42","modified_gmt":"2025-03-08T16:45:42","slug":"o-tara-din-afara-nato-dispusa-sa-trimita-trupe-in-ucraina-in-cazul-unui-acord-de-incetare-a-focului","status":"publish","type":"post","link":"https:\/\/247stiri.ro\/index.php\/2025\/03\/08\/o-tara-din-afara-nato-dispusa-sa-trimita-trupe-in-ucraina-in-cazul-unui-acord-de-incetare-a-focului\/","title":{"rendered":"O \u021bar\u0103 din afara NATO, dispus\u0103 s\u0103 trimit\u0103 trupe \u00een Ucraina \u00een cazul unui acord de \u00eencetare a focului"},"content":{"rendered":"<p>O mare \u021bar\u0103 a lumii, care nu face parte din NATO, este dispus\u0103 s\u0103 contribuie cu trupe de men\u021binere a p\u0103cii \u00een Ucraina. Premierul australian Anthony Albanese a promis c\u0103 &#8222;va avea \u00een vedere s\u0103 contribuie&#8221; la o &#8222;coali\u021bie a \u021b\u0103rilor voluntare&#8221;, \u00een cadrul unui eventual acord de \u00eencetare a focului cu Rusia, a indicat omologul s\u0103u britanic Keir Starmer, citat de Reuters \u0219i AFP.<\/p>\n<p>Cei doi lideri au discutat telefonic s\u00e2mb\u0103t\u0103 diminea\u021b\u0103, 8 martie, potrivit Downing Street.<\/p>\n<p>Keir Starmer a &#8222;salutat angajamentul&#8221; lui Anthony Albanese de a &#8222;avea \u00een vedere s\u0103 contribuie la o coali\u021bie a \u021b\u0103rilor voluntare pentru Ucraina&#8221;.<\/p>\n<p>Guvernul britanic a avut miercuri discu\u021bii cu 20 de \u021b\u0103ri &#8222;interesate&#8221; s\u0103 contribuie la aceast\u0103 coali\u021bie, a indicat joi, 6 martie, o oficialitate britanic\u0103, sub acoperirea anonimatului. Ea a precizat c\u0103 este vorba \u00een principal de state europene \u0219i membre ale Commonwealth.<\/p>\n<p>\u00centr-un interviu difuzat \u00een 4 martie, Anthony Albanese sublinia c\u0103 Australia &#8222;r\u0103m\u00e2ne al\u0103turi de poporul ucrainean \u0219i de pre\u0219edintele&#8221; Volodimir Zelenski. &#8222;\u00cen prezent au loc discu\u021bii privind o eventual\u0103 men\u021binere a p\u0103cii. Suntem deschi\u0219i fa\u021b\u0103 de examinarea oric\u0103rei propuneri viitoare&#8221;, ad\u0103uga el.<\/p>","protected":false},"excerpt":{"rendered":"<p>O mare \u021bar\u0103 a lumii, care nu face parte din NATO, este dispus\u0103 s\u0103 contribuie&hellip;<\/p>\n","protected":false},"author":0,"featured_media":37857,"comment_status":"open","ping_status":"open","sticky":false,"template":"","format":"standard","meta":{"footnotes":""},"categories":[2],"tags":[],"class_list":["post-37862","post","type-post","status-publish","format-standard","has-post-thumbnail","hentry","category-actual"],"_links":{"self":[{"href":"https:\/\/247stiri.ro\/index.php\/wp-json\/wp\/v2\/posts\/37862","targetHints":{"allow":["GET"]}}],"collection":[{"href":"https:\/\/247stiri.ro\/index.php\/wp-json\/wp\/v2\/posts"}],"about":[{"href":"https:\/\/247stiri.ro\/index.php\/wp-json\/wp\/v2\/types\/post"}],"replies":[{"embeddable":true,"href":"https:\/\/247stiri.ro\/index.php\/wp-json\/wp\/v2\/comments?post=37862"}],"version-history":[{"count":0,"href":"https:\/\/247stiri.ro\/index.php\/wp-json\/wp\/v2\/posts\/37862\/revisions"}],"wp:featuredmedia":[{"embeddable":true,"href":"https:\/\/247stiri.ro\/index.php\/wp-json\/wp\/v2\/media\/37857"}],"wp:attachment":[{"href":"https:\/\/247stiri.ro\/index.php\/wp-json\/wp\/v2\/media?parent=37862"}],"wp:term":[{"taxonomy":"category","embeddable":true,"href":"https:\/\/247stiri.ro\/index.php\/wp-json\/wp\/v2\/categories?post=37862"},{"taxonomy":"post_tag","embeddable":true,"href":"https:\/\/247stiri.ro\/index.php\/wp-json\/wp\/v2\/tags?post=37862"}],"curies":[{"name":"wp","href":"https:\/\/api.w.org\/{rel}","templated":true}]}}