{"id":37867,"date":"2025-03-08T17:45:36","date_gmt":"2025-03-08T17:45:36","guid":{"rendered":"https:\/\/247stiri.ro\/index.php\/2025\/03\/08\/sefa-spionilor-americani-vine-in-europa-iar-alegerile-din-romania-e-pe-agenda-sa\/"},"modified":"2025-03-08T17:45:36","modified_gmt":"2025-03-08T17:45:36","slug":"sefa-spionilor-americani-vine-in-europa-iar-alegerile-din-romania-e-pe-agenda-sa","status":"publish","type":"post","link":"https:\/\/247stiri.ro\/index.php\/2025\/03\/08\/sefa-spionilor-americani-vine-in-europa-iar-alegerile-din-romania-e-pe-agenda-sa\/","title":{"rendered":"\u0218efa spionilor americani vine \u00een Europa, iar alegerile din Rom\u00e2nia e pe agenda sa"},"content":{"rendered":"<p>Tulsi Gabbard, recent numit\u0103 director al Serviciilor Na\u021bionale de Informa\u021bii ale SUA, va face o c\u0103l\u0103torie \u00een Europa s\u0103pt\u0103m\u00e2na viitoare.<\/p>\n<p>Se a\u0219teapt\u0103 ca Gabbard, fost\u0103 candidat\u0103 democrat\u0103 la pre\u0219edin\u021bie, s\u0103 se \u00eent\u00e2lneasc\u0103 cu personalit\u0103\u021bi politice \u0219i de informa\u021bii de marc\u0103 din Europa.<\/p>\n<p>\u00cen cadrul acestor \u00eent\u00e2lniri, ea va aborda dou\u0103 subiecte extrem de controversate: libertatea de exprimare \u00een Europa \u0219i presupusul rol al Uniunii Europene \u00een anularea alegerilor preziden\u021biale din Rom\u00e2nia, programate pentru 8 decembrie 2024, conform <a href=\"https:\/\/www.thediplomaticaffairs.com\/2025\/03\/07\/tulsi-gabbards-european-tour-a-diplomatic-mission-with-high-stakes\/\" target=\"_blank\">thediplomaticaffairs.com<\/a><\/p>\n<p>Criticii au acuzat Uniunea European\u0103 de exercitarea unei influen\u021be nejustificate asupra acestui proces, pun\u00e2nd la \u00eendoial\u0103 angajamentul blocului fa\u021b\u0103 de principiile democratice, conform sursei men\u021bionate.<\/p>\n<p>Accentul pe care Gabbard \u00eel pune pe aceast\u0103 tem\u0103 este probabil s\u0103 rezoneze cu scepticismul mai general al administra\u021biei Trump fa\u021b\u0103 de organiza\u021biile suprana\u021bionale \u0219i cu accentul pe suveranitatea na\u021bional\u0103 promovat de aceasta.<\/p>\n<p>Prin abordarea alegerilor din Rom\u00e2nia, Gabbard ar putea indica o schimbare \u00een politica SUA, orient\u00e2ndu-se spre o analiz\u0103 mai atent\u0103 a ac\u021biunilor Uniunii Europene \u00een statele membre, conform publica\u021biei.<\/p>\n<p>Turneul european al lui Gabbard se desf\u0103\u0219oar\u0103 \u00eentr-un moment crucial pentru rela\u021biile dintre Statele Unite \u0219i Europa. Av\u00e2nd \u00een vedere c\u0103 tensiunile legate de comer\u021b, securitate \u0219i norme democratice continu\u0103 s\u0103 persiste, abilitatea sa de a gestiona aceste probleme complexe va reprezenta un test esen\u021bial al capacit\u0103\u021bii sale de lider.<\/p>\n<p>Preg\u0103tirea sa militar\u0103 \u0219i experien\u021ba diplomatic\u0103 o fac o figur\u0103 conving\u0103toare pentru a duce la bun sf\u00e2r\u0219it aceast\u0103 misiune, \u00eens\u0103 provoc\u0103rile cu care se confrunt\u0103 sunt considerabile, subliniaz\u0103 jurnali\u0219tii interna\u021bionali.<\/p>\n<p>Pe m\u0103sur\u0103 ce Gabbard se preg\u0103te\u0219te s\u0103 se \u00eent\u00e2lneasc\u0103 cu liderii europeni, turneul s\u0103u este atent monitorizat at\u00e2t de sus\u021bin\u0103tori, c\u00e2t \u0219i de critici. Va reu\u0219i ea s\u0103 armonizeze priorit\u0103\u021bile americane cu cele europene sau vizita sa va scoate \u00een eviden\u021b\u0103 diviziunile tot mai profunde dintre cele dou\u0103 p\u0103r\u021bi?<\/p>\n<p>Un lucru este cert: Turneul european al lui Tulsi Gabbard dep\u0103\u0219e\u0219te o simpl\u0103 misiune diplomatic\u0103 &#8211; reprezint\u0103 o declara\u021bie de inten\u021bie din partea administra\u021biei Trump, care subliniaz\u0103 un accent re\u00eennoit pe suveranitate, libertatea de exprimare \u0219i viitorul democra\u021biei \u00eentr-o lume din ce \u00een ce mai instabil\u0103, concluzioneaz\u0103 publica\u021bia.<\/p>","protected":false},"excerpt":{"rendered":"<p>Tulsi Gabbard, recent numit\u0103 director al Serviciilor Na\u021bionale de Informa\u021bii ale SUA, va face o&hellip;<\/p>\n","protected":false},"author":0,"featured_media":37864,"comment_status":"open","ping_status":"open","sticky":false,"template":"","format":"standard","meta":{"footnotes":""},"categories":[2],"tags":[],"class_list":["post-37867","post","type-post","status-publish","format-standard","has-post-thumbnail","hentry","category-actual"],"_links":{"self":[{"href":"https:\/\/247stiri.ro\/index.php\/wp-json\/wp\/v2\/posts\/37867","targetHints":{"allow":["GET"]}}],"collection":[{"href":"https:\/\/247stiri.ro\/index.php\/wp-json\/wp\/v2\/posts"}],"about":[{"href":"https:\/\/247stiri.ro\/index.php\/wp-json\/wp\/v2\/types\/post"}],"replies":[{"embeddable":true,"href":"https:\/\/247stiri.ro\/index.php\/wp-json\/wp\/v2\/comments?post=37867"}],"version-history":[{"count":0,"href":"https:\/\/247stiri.ro\/index.php\/wp-json\/wp\/v2\/posts\/37867\/revisions"}],"wp:featuredmedia":[{"embeddable":true,"href":"https:\/\/247stiri.ro\/index.php\/wp-json\/wp\/v2\/media\/37864"}],"wp:attachment":[{"href":"https:\/\/247stiri.ro\/index.php\/wp-json\/wp\/v2\/media?parent=37867"}],"wp:term":[{"taxonomy":"category","embeddable":true,"href":"https:\/\/247stiri.ro\/index.php\/wp-json\/wp\/v2\/categories?post=37867"},{"taxonomy":"post_tag","embeddable":true,"href":"https:\/\/247stiri.ro\/index.php\/wp-json\/wp\/v2\/tags?post=37867"}],"curies":[{"name":"wp","href":"https:\/\/api.w.org\/{rel}","templated":true}]}}