{"id":37875,"date":"2025-03-08T18:45:24","date_gmt":"2025-03-08T18:45:24","guid":{"rendered":"https:\/\/247stiri.ro\/index.php\/2025\/03\/08\/reteaua-sorosista-din-romania-sustinuta-de-francezi-florian-coldea-a-fost-decorat-de-ambasadorul-frantei-la-bucuresti\/"},"modified":"2025-03-08T18:45:24","modified_gmt":"2025-03-08T18:45:24","slug":"reteaua-sorosista-din-romania-sustinuta-de-francezi-florian-coldea-a-fost-decorat-de-ambasadorul-frantei-la-bucuresti","status":"publish","type":"post","link":"https:\/\/247stiri.ro\/index.php\/2025\/03\/08\/reteaua-sorosista-din-romania-sustinuta-de-francezi-florian-coldea-a-fost-decorat-de-ambasadorul-frantei-la-bucuresti\/","title":{"rendered":"Re\u021beaua soro\u0219ist\u0103 din Rom\u00e2nia, sus\u021binut\u0103 de francezi. Florian Coldea a fost decorat de ambasadorul Fran\u021bei la Bucure\u0219ti"},"content":{"rendered":"<p>Pe vremea c\u00e2nd f\u0103cea toate jocurile oculte din func\u021bia de la v\u00e2rful Serviciului Rom\u00e2n de Informa\u021bii, mai exact \u00een anul 2015, Florian Coldea a fost decorat de ambasadorul Fran\u021bei cu a doua cea mai important\u0103 distinc\u021bie a \u021b\u0103rii. \u00cen comunicatul institu\u021biei se arat\u0103 c\u0103 generalul Coldea a primit \u00eensemnele de Cavaler al Ordinului Na\u021bional al Meritului. Distinc\u021bia este oferit\u0103 de pre\u0219edintele Fran\u021bei personalit\u0103\u021bilor din mediul academic, public sau militar, pentru performan\u021be remarcabile.\u201eAceast\u0103 distinc\u021bie recompenseaz\u0103 parcursul domnului general-locotenent Florian Coldea, marcat de o puternic\u0103 implicare \u00een cooperarea \u00een materie de securitate \u00eempreun\u0103 cu partenerii francezi \u0219i euro-atlantici.\u201dDistinc\u021bia i-a fost \u00eenm\u00e2nat\u0103 lui Coldea de c\u0103tre Francois Saint-Paul, ambasadorul Fran\u021bei de la acea vreme.\u0218i Laura Codru\u021ba Kovesi a primit \u00een urm\u0103 cu mai mul\u021bi ani o distinc\u021bie oferit\u0103 de Republica Francez\u0103. Acela\u0219i ambasador al Fran\u021bei la Bucure\u0219ti, Francois Saint-Paul, i-a conferit atunci Laurei Codru\u021bei Kovesi \u00eensemnele de cavaler al Ordinului Legiunii de Onoare.\u0218i Elena Lasconi a fost surprins\u0103 \u00een timpul unei vizite neanun\u021bate la Ambasada Fran\u021bei, \u00een septembrie anul trecut.<\/p>","protected":false},"excerpt":{"rendered":"<p>Pe vremea c\u00e2nd f\u0103cea toate jocurile oculte din func\u021bia de la v\u00e2rful Serviciului Rom\u00e2n de&hellip;<\/p>\n","protected":false},"author":0,"featured_media":37873,"comment_status":"open","ping_status":"open","sticky":false,"template":"","format":"standard","meta":{"footnotes":""},"categories":[2],"tags":[],"class_list":["post-37875","post","type-post","status-publish","format-standard","has-post-thumbnail","hentry","category-actual"],"_links":{"self":[{"href":"https:\/\/247stiri.ro\/index.php\/wp-json\/wp\/v2\/posts\/37875","targetHints":{"allow":["GET"]}}],"collection":[{"href":"https:\/\/247stiri.ro\/index.php\/wp-json\/wp\/v2\/posts"}],"about":[{"href":"https:\/\/247stiri.ro\/index.php\/wp-json\/wp\/v2\/types\/post"}],"replies":[{"embeddable":true,"href":"https:\/\/247stiri.ro\/index.php\/wp-json\/wp\/v2\/comments?post=37875"}],"version-history":[{"count":0,"href":"https:\/\/247stiri.ro\/index.php\/wp-json\/wp\/v2\/posts\/37875\/revisions"}],"wp:featuredmedia":[{"embeddable":true,"href":"https:\/\/247stiri.ro\/index.php\/wp-json\/wp\/v2\/media\/37873"}],"wp:attachment":[{"href":"https:\/\/247stiri.ro\/index.php\/wp-json\/wp\/v2\/media?parent=37875"}],"wp:term":[{"taxonomy":"category","embeddable":true,"href":"https:\/\/247stiri.ro\/index.php\/wp-json\/wp\/v2\/categories?post=37875"},{"taxonomy":"post_tag","embeddable":true,"href":"https:\/\/247stiri.ro\/index.php\/wp-json\/wp\/v2\/tags?post=37875"}],"curies":[{"name":"wp","href":"https:\/\/api.w.org\/{rel}","templated":true}]}}