{"id":37910,"date":"2025-03-09T07:45:23","date_gmt":"2025-03-09T07:45:23","guid":{"rendered":"https:\/\/247stiri.ro\/index.php\/2025\/03\/09\/remus-pricopie-reclamat-penal-pentru-abuz-in-serviciu-si-tradare-cine-il-acuza-pe-omul-sistemului\/"},"modified":"2025-03-09T07:45:23","modified_gmt":"2025-03-09T07:45:23","slug":"remus-pricopie-reclamat-penal-pentru-abuz-in-serviciu-si-tradare-cine-il-acuza-pe-omul-sistemului","status":"publish","type":"post","link":"https:\/\/247stiri.ro\/index.php\/2025\/03\/09\/remus-pricopie-reclamat-penal-pentru-abuz-in-serviciu-si-tradare-cine-il-acuza-pe-omul-sistemului\/","title":{"rendered":"Remus Pricopie, reclamat penal pentru abuz \u00een serviciu \u0219i tr\u0103dare. Cine \u00eel acuz\u0103 pe omul sistemului?"},"content":{"rendered":"<p>Avocatul a precizat c\u0103 a depus pl\u00e2ngerea \u00een calitate de cet\u0103\u021bean \u0219i c\u0103, din punctul s\u0103u de vedere, demersul rectorului SNSPA reprezint\u0103 o manipulare \u0219i o \u00eencercare de a denatura procesul electoral.<\/p>\n\n<p><a title=\"Remus Pricopie, rectorul SNSPA, a depus o contestatie la candidatura lui Calin Georgescu pentru alegerile prezidentiale din mai\" href=\"https:\/\/www.realitatea.net\/stiri\/actual\/remus-pricopie-rectorul-snspa-a-depus-o-contestatie-la-candidatura-lui-calin-georgescu-pentru-alegerile-prezidentiale-din-mai_67cb09281266a3105d0aafa2\">Remus Pricopie, rectorul SNSPA, a depus o contesta\u021bie la candidatura lui C\u0103lin Georgescu pentru alegerile preziden\u021biale din mai<\/a><\/p>\n<p><a title=\"Dezvaluire bomba. Anca Alexandrescu arata de cand planuia sistemul contestarea candidaturii lui Calin Georgescu\" href=\"https:\/\/www.realitatea.net\/stiri\/actual\/dezvaluire-bomba-anca-alexandrescu-arata-de-cand-planuia-sistemul-contestarea-candidaturii-lui-calin-georgescu_67cb3718f20e5e69c2774682\">Dezv\u0103luire bomb\u0103. Anca Alexandrescu arat\u0103 de c\u00e2nd pl\u0103nuia sistemul contestarea candidaturii lui C\u0103lin Georgescu<\/a><\/p>\n<p>\u00a0<\/p>","protected":false},"excerpt":{"rendered":"<p>Avocatul a precizat c\u0103 a depus pl\u00e2ngerea \u00een calitate de cet\u0103\u021bean \u0219i c\u0103, din punctul&hellip;<\/p>\n","protected":false},"author":0,"featured_media":37911,"comment_status":"open","ping_status":"open","sticky":false,"template":"","format":"standard","meta":{"footnotes":""},"categories":[2],"tags":[],"class_list":["post-37910","post","type-post","status-publish","format-standard","has-post-thumbnail","hentry","category-actual"],"_links":{"self":[{"href":"https:\/\/247stiri.ro\/index.php\/wp-json\/wp\/v2\/posts\/37910","targetHints":{"allow":["GET"]}}],"collection":[{"href":"https:\/\/247stiri.ro\/index.php\/wp-json\/wp\/v2\/posts"}],"about":[{"href":"https:\/\/247stiri.ro\/index.php\/wp-json\/wp\/v2\/types\/post"}],"replies":[{"embeddable":true,"href":"https:\/\/247stiri.ro\/index.php\/wp-json\/wp\/v2\/comments?post=37910"}],"version-history":[{"count":0,"href":"https:\/\/247stiri.ro\/index.php\/wp-json\/wp\/v2\/posts\/37910\/revisions"}],"wp:featuredmedia":[{"embeddable":true,"href":"https:\/\/247stiri.ro\/index.php\/wp-json\/wp\/v2\/media\/37911"}],"wp:attachment":[{"href":"https:\/\/247stiri.ro\/index.php\/wp-json\/wp\/v2\/media?parent=37910"}],"wp:term":[{"taxonomy":"category","embeddable":true,"href":"https:\/\/247stiri.ro\/index.php\/wp-json\/wp\/v2\/categories?post=37910"},{"taxonomy":"post_tag","embeddable":true,"href":"https:\/\/247stiri.ro\/index.php\/wp-json\/wp\/v2\/tags?post=37910"}],"curies":[{"name":"wp","href":"https:\/\/api.w.org\/{rel}","templated":true}]}}