{"id":37912,"date":"2025-03-09T07:45:23","date_gmt":"2025-03-09T07:45:23","guid":{"rendered":"https:\/\/247stiri.ro\/index.php\/2025\/03\/09\/martirii-inchisorilor-comuniste-comemorati-pe-9-martie-ziua-sfintilor-mucenici-reportaj\/"},"modified":"2025-03-09T07:45:23","modified_gmt":"2025-03-09T07:45:23","slug":"martirii-inchisorilor-comuniste-comemorati-pe-9-martie-ziua-sfintilor-mucenici-reportaj","status":"publish","type":"post","link":"https:\/\/247stiri.ro\/index.php\/2025\/03\/09\/martirii-inchisorilor-comuniste-comemorati-pe-9-martie-ziua-sfintilor-mucenici-reportaj\/","title":{"rendered":"Martirii \u00eenchisorilor comuniste, comemora\u021bi pe 9 martie, ziua Sfin\u021bilor Mucenici &#8211; REPORTAJ"},"content":{"rendered":"<p>Comemorarea de\u021binu\u021bilor politici din perioada comunista este marcata pe data de 9 martie, \u00een aceea\u0219i zi \u00een care Biserica Ortodoxa s\u0103rb\u0103tore\u0219te sfin\u021bii 40 de mucenici din Sevasti\u021ba si nu, nu este o coincident\u0103, ci are o semnifica\u021bie extrem de profunda. In primul rand simbolizeaz\u0103 suferin\u021ba si sacrificiul, in al doilea rand p\u0103strarea credin\u021bei si demnit\u0103\u021bii si nu in ultimul rand comemorarea unui trecut dureros.<\/p>\n<p>Alegerea zilei de 9 martie pentru comemorare subliniaz\u0103 si mai bine leg\u0103tura dintre sacrificiul sfin\u021bilor si sacrificiul si suferin\u021ba celor din temni\u021bele comuniste care nu au renun\u021bat nici m\u0103car pentru o secund\u0103 o secund\u0103 la Dumnezeu.<\/p>\n\n<p>\u00a0<\/p>","protected":false},"excerpt":{"rendered":"<p>Comemorarea de\u021binu\u021bilor politici din perioada comunista este marcata pe data de 9 martie, \u00een aceea\u0219i&hellip;<\/p>\n","protected":false},"author":0,"featured_media":37913,"comment_status":"open","ping_status":"open","sticky":false,"template":"","format":"standard","meta":{"footnotes":""},"categories":[2],"tags":[],"class_list":["post-37912","post","type-post","status-publish","format-standard","has-post-thumbnail","hentry","category-actual"],"_links":{"self":[{"href":"https:\/\/247stiri.ro\/index.php\/wp-json\/wp\/v2\/posts\/37912","targetHints":{"allow":["GET"]}}],"collection":[{"href":"https:\/\/247stiri.ro\/index.php\/wp-json\/wp\/v2\/posts"}],"about":[{"href":"https:\/\/247stiri.ro\/index.php\/wp-json\/wp\/v2\/types\/post"}],"replies":[{"embeddable":true,"href":"https:\/\/247stiri.ro\/index.php\/wp-json\/wp\/v2\/comments?post=37912"}],"version-history":[{"count":0,"href":"https:\/\/247stiri.ro\/index.php\/wp-json\/wp\/v2\/posts\/37912\/revisions"}],"wp:featuredmedia":[{"embeddable":true,"href":"https:\/\/247stiri.ro\/index.php\/wp-json\/wp\/v2\/media\/37913"}],"wp:attachment":[{"href":"https:\/\/247stiri.ro\/index.php\/wp-json\/wp\/v2\/media?parent=37912"}],"wp:term":[{"taxonomy":"category","embeddable":true,"href":"https:\/\/247stiri.ro\/index.php\/wp-json\/wp\/v2\/categories?post=37912"},{"taxonomy":"post_tag","embeddable":true,"href":"https:\/\/247stiri.ro\/index.php\/wp-json\/wp\/v2\/tags?post=37912"}],"curies":[{"name":"wp","href":"https:\/\/api.w.org\/{rel}","templated":true}]}}