{"id":37921,"date":"2025-03-09T08:45:29","date_gmt":"2025-03-09T08:45:29","guid":{"rendered":"https:\/\/247stiri.ro\/index.php\/2025\/03\/09\/nicusor-dan-il-vrea-adversar-pe-calin-georgescu-la-alegerile-prezidentiale-video\/"},"modified":"2025-03-09T08:45:29","modified_gmt":"2025-03-09T08:45:29","slug":"nicusor-dan-il-vrea-adversar-pe-calin-georgescu-la-alegerile-prezidentiale-video","status":"publish","type":"post","link":"https:\/\/247stiri.ro\/index.php\/2025\/03\/09\/nicusor-dan-il-vrea-adversar-pe-calin-georgescu-la-alegerile-prezidentiale-video\/","title":{"rendered":"Nicu\u0219or Dan \u00eel vrea adversar pe C\u0103lin Georgescu la alegerile preziden\u021biale &#8211; VIDEO"},"content":{"rendered":"<p>Candidatul independent la alegerile preziden\u0163iale Nicu\u015for Dan consider\u0103 c\u0103 nu este \u201ecorect democratic\u201d ca CCR s\u0103 poat\u0103 opri din curs\u0103 un candidat, \u00eens\u0103 a subliniat c\u0103 decizia luat\u0103 anul trecut \u00een ceea ce o prive\u015fte pe Diana \u015eo\u015foac\u0103 a fost legal\u0103.<\/p>\n\n<p>\u00a0<\/p>\n<p>\u00a0<\/p>","protected":false},"excerpt":{"rendered":"<p>Candidatul independent la alegerile preziden\u0163iale Nicu\u015for Dan consider\u0103 c\u0103 nu este \u201ecorect democratic\u201d ca CCR&hellip;<\/p>\n","protected":false},"author":0,"featured_media":37917,"comment_status":"open","ping_status":"open","sticky":false,"template":"","format":"standard","meta":{"footnotes":""},"categories":[2],"tags":[],"class_list":["post-37921","post","type-post","status-publish","format-standard","has-post-thumbnail","hentry","category-actual"],"_links":{"self":[{"href":"https:\/\/247stiri.ro\/index.php\/wp-json\/wp\/v2\/posts\/37921","targetHints":{"allow":["GET"]}}],"collection":[{"href":"https:\/\/247stiri.ro\/index.php\/wp-json\/wp\/v2\/posts"}],"about":[{"href":"https:\/\/247stiri.ro\/index.php\/wp-json\/wp\/v2\/types\/post"}],"replies":[{"embeddable":true,"href":"https:\/\/247stiri.ro\/index.php\/wp-json\/wp\/v2\/comments?post=37921"}],"version-history":[{"count":0,"href":"https:\/\/247stiri.ro\/index.php\/wp-json\/wp\/v2\/posts\/37921\/revisions"}],"wp:featuredmedia":[{"embeddable":true,"href":"https:\/\/247stiri.ro\/index.php\/wp-json\/wp\/v2\/media\/37917"}],"wp:attachment":[{"href":"https:\/\/247stiri.ro\/index.php\/wp-json\/wp\/v2\/media?parent=37921"}],"wp:term":[{"taxonomy":"category","embeddable":true,"href":"https:\/\/247stiri.ro\/index.php\/wp-json\/wp\/v2\/categories?post=37921"},{"taxonomy":"post_tag","embeddable":true,"href":"https:\/\/247stiri.ro\/index.php\/wp-json\/wp\/v2\/tags?post=37921"}],"curies":[{"name":"wp","href":"https:\/\/api.w.org\/{rel}","templated":true}]}}