{"id":37922,"date":"2025-03-09T09:45:26","date_gmt":"2025-03-09T09:45:26","guid":{"rendered":"https:\/\/247stiri.ro\/index.php\/2025\/03\/09\/minerva-inmormantata-de-regina-intunericului-care-au-fost-ultimele-dorinte-ale-celebrei-astroloage\/"},"modified":"2025-03-09T09:45:26","modified_gmt":"2025-03-09T09:45:26","slug":"minerva-inmormantata-de-regina-intunericului-care-au-fost-ultimele-dorinte-ale-celebrei-astroloage","status":"publish","type":"post","link":"https:\/\/247stiri.ro\/index.php\/2025\/03\/09\/minerva-inmormantata-de-regina-intunericului-care-au-fost-ultimele-dorinte-ale-celebrei-astroloage\/","title":{"rendered":"Minerva, \u00eenmorm\u00e2ntat\u0103 de Regina \u00centunericului. Care au fost ultimele dorin\u021be ale celebrei astroloage?"},"content":{"rendered":"<p>Gabrielei Dima, cunoscut\u0103 drept Minerva, s-a stins din via\u021b\u0103 la v\u00e2rsta de 66 de ani, dup\u0103 ce s-a luptat cu o <a href=\"https:\/\/www.realitatea.net\/stiri\/actual\/boala-necrutatoare-care-ia-adus-sfarsitul-astroloagei-minerva-putini-stiau-despre-problemele-sale-de-sanatate_67caf588d7df7b0c70124932#google_vignette\" target=\"_blank\">boal\u0103 necru\u021b\u0103toare.\u00a0<\/a><\/p>\n<p>Potrivit informa\u021biilor ob\u021binute de Click!, de funerariile Gabrielei Dima se va ocupa Gabriela Lucu\u021bar, cunoscut\u0103 \u0219i ca \u201eRegina \u00centunericului\u201d. Aceasta a precizat c\u0103 ceremonia va avea loc la Arad \u0219i c\u0103 Minerva \u0219i-a dorit vrut un sicriu bej \u0219i va fi \u00eenchis, av\u00e2nd deasupra o fotografie cu ea.<\/p>\n<p>\u00centrebat\u0103 ce mesaj crede c\u0103 ar dori aceasta s\u0103 le transmit\u0103 rom\u00e2nilor \u0219i celor dragi, Gabriela Lucu\u021bar a spus: \u201eIubi\u021bi-v\u0103 pe voi \u00een\u0219iv\u0103 \u0219i iubi\u021bi-v\u0103 aproapele\u201d.<\/p>\n<p><a title=\"A murit MINERVA, unul dintre cei mai cunoscuti astrologi din Romania!\" href=\"https:\/\/www.realitatea.net\/stiri\/actual\/a-murit-minerva-unul-dintre-cei-mai-cunoscuti-astologi-din-romania_67cac3ea98e198761269ee92\">A murit MINERVA, unul dintre cei mai cunoscu\u021bi astrologi din Rom\u00e2nia!<\/a><\/p>\n<p>Minerva va fi \u00eenmorm\u00e2ntat, cel mai probabil, \u00een ziua de 11 martie. Trupul ne\u00eensufle\u021bit al acesteia va fi depus luni, 10 martie, \u00eentre orele 09.00 \u2013 13.00, la Capela Bisericii Duchiu din Bucure\u0219ti, iar \u00een aceea\u0219i zi, sicriul va fi transportat la Arad.<\/p>\n<p><a title='Isterie online dupa moartea lui Silviu Prigoana. Internautii spun ca omul de afaceri si-a inscenat moartea si a fugit din tara. Ce zice \"Regina Intunericului\", care s-a ocupat de inmormantare' href=\"https:\/\/www.realitatea.net\/stiri\/actual\/isterie-online-dupa-moartea-lui-silviu-prigoana-internautii-spun-ca-omul-de-afaceri-sia-inscenat-moartea-si-a-fugit-din-tara-ce-zice-regina-intunericului-care-sa-ocupat-de-inmormantare_6739c8cf00db8c5986628ce2\">Isterie online dup\u0103 moartea lui Silviu Prigoan\u0103. Internau\u021bii spun c\u0103 omul de afaceri \u0219i-a \u00eenscenat moartea \u0219i a fugit din \u021bar\u0103. Ce zice \u201dRegina<\/a><\/p>\n<p>\u00a0<\/p>","protected":false},"excerpt":{"rendered":"<p>Gabrielei Dima, cunoscut\u0103 drept Minerva, s-a stins din via\u021b\u0103 la v\u00e2rsta de 66 de ani,&hellip;<\/p>\n","protected":false},"author":0,"featured_media":37923,"comment_status":"open","ping_status":"open","sticky":false,"template":"","format":"standard","meta":{"footnotes":""},"categories":[8],"tags":[],"class_list":["post-37922","post","type-post","status-publish","format-standard","has-post-thumbnail","hentry","category-lifestyle"],"_links":{"self":[{"href":"https:\/\/247stiri.ro\/index.php\/wp-json\/wp\/v2\/posts\/37922","targetHints":{"allow":["GET"]}}],"collection":[{"href":"https:\/\/247stiri.ro\/index.php\/wp-json\/wp\/v2\/posts"}],"about":[{"href":"https:\/\/247stiri.ro\/index.php\/wp-json\/wp\/v2\/types\/post"}],"replies":[{"embeddable":true,"href":"https:\/\/247stiri.ro\/index.php\/wp-json\/wp\/v2\/comments?post=37922"}],"version-history":[{"count":0,"href":"https:\/\/247stiri.ro\/index.php\/wp-json\/wp\/v2\/posts\/37922\/revisions"}],"wp:featuredmedia":[{"embeddable":true,"href":"https:\/\/247stiri.ro\/index.php\/wp-json\/wp\/v2\/media\/37923"}],"wp:attachment":[{"href":"https:\/\/247stiri.ro\/index.php\/wp-json\/wp\/v2\/media?parent=37922"}],"wp:term":[{"taxonomy":"category","embeddable":true,"href":"https:\/\/247stiri.ro\/index.php\/wp-json\/wp\/v2\/categories?post=37922"},{"taxonomy":"post_tag","embeddable":true,"href":"https:\/\/247stiri.ro\/index.php\/wp-json\/wp\/v2\/tags?post=37922"}],"curies":[{"name":"wp","href":"https:\/\/api.w.org\/{rel}","templated":true}]}}