{"id":37930,"date":"2025-03-09T09:45:30","date_gmt":"2025-03-09T09:45:30","guid":{"rendered":"https:\/\/247stiri.ro\/index.php\/2025\/03\/09\/crin-antonescu-si-a-dat-demisia-din-pnl-si-isi-depune-candidatura-la-presedintie-ce-jocuri-se-fac-pe-la-spatele-candidatului-comun\/"},"modified":"2025-03-09T09:45:30","modified_gmt":"2025-03-09T09:45:30","slug":"crin-antonescu-si-a-dat-demisia-din-pnl-si-isi-depune-candidatura-la-presedintie-ce-jocuri-se-fac-pe-la-spatele-candidatului-comun","status":"publish","type":"post","link":"https:\/\/247stiri.ro\/index.php\/2025\/03\/09\/crin-antonescu-si-a-dat-demisia-din-pnl-si-isi-depune-candidatura-la-presedintie-ce-jocuri-se-fac-pe-la-spatele-candidatului-comun\/","title":{"rendered":"Crin Antonescu \u0219i-a dat DEMISIA din PNL \u0219i \u00ee\u0219i depune candidatura la pre\u0219edin\u021bie. Ce jocuri se fac pe la spatele candidatului comun?"},"content":{"rendered":"<p>Candidatul comun al coali\u021biei \u0219i-a anun\u021bat demisia din PNL duminic\u0103 diminea\u021b\u0103, cu c\u00e2teva ora \u00eenainte de depunerea dosarului de candidat la Biroul Electoral Central.<\/p>\n\n<p>Crin Antonescu va merge \u00eenso\u021bit de liderii Coali\u021biei \u0219i va sus\u021bine o conferin\u021b\u0103 de pres\u0103. Totul \u00een condi\u021biile \u00een care sistemul face presiuni pentru intrarea \u00een curs\u0103 a lui Ilie Bolojan, PSD \u00eenc\u0103 nu l-a exclus pe Victor Ponta, iar Lasconi bag\u0103 \u0219i ea capul \u00een poz\u0103. Crin Antonescu a recunoscut deja c\u0103 a fost deranjat de toate specula\u021biile \u0219i d\u0103 de \u00een\u021beles c\u0103 presiunile nu sunt \u00eent\u00e2mpl\u0103toare.<\/p>\n<p><a title=\"Cu o zi inainte de depundrea candidaturii, Crin Antonescu a primit noi asigurari ca nu va fi schimbat cu Ilie Bolojan\" href=\"https:\/\/www.realitatea.net\/stiri\/actual\/cu-o-zi-inainte-de-depundrea-candidaturii-crin-antonescu-a-primit-asigurari-ca-nu-va-fi-schimbat-cu-ilie-bolojan_67cc8cb3df162f017c4fdc43\">Cu o zi \u00eenainte de depundrea candidaturii, Crin Antonescu a primit noi asigur\u0103ri c\u0103 nu va fi schimbat cu Ilie Bolojan<\/a><\/p>\n<p>\u00a0<\/p>","protected":false},"excerpt":{"rendered":"<p>Candidatul comun al coali\u021biei \u0219i-a anun\u021bat demisia din PNL duminic\u0103 diminea\u021b\u0103, cu c\u00e2teva ora \u00eenainte&hellip;<\/p>\n","protected":false},"author":0,"featured_media":37927,"comment_status":"open","ping_status":"open","sticky":false,"template":"","format":"standard","meta":{"footnotes":""},"categories":[2],"tags":[],"class_list":["post-37930","post","type-post","status-publish","format-standard","has-post-thumbnail","hentry","category-actual"],"_links":{"self":[{"href":"https:\/\/247stiri.ro\/index.php\/wp-json\/wp\/v2\/posts\/37930","targetHints":{"allow":["GET"]}}],"collection":[{"href":"https:\/\/247stiri.ro\/index.php\/wp-json\/wp\/v2\/posts"}],"about":[{"href":"https:\/\/247stiri.ro\/index.php\/wp-json\/wp\/v2\/types\/post"}],"replies":[{"embeddable":true,"href":"https:\/\/247stiri.ro\/index.php\/wp-json\/wp\/v2\/comments?post=37930"}],"version-history":[{"count":0,"href":"https:\/\/247stiri.ro\/index.php\/wp-json\/wp\/v2\/posts\/37930\/revisions"}],"wp:featuredmedia":[{"embeddable":true,"href":"https:\/\/247stiri.ro\/index.php\/wp-json\/wp\/v2\/media\/37927"}],"wp:attachment":[{"href":"https:\/\/247stiri.ro\/index.php\/wp-json\/wp\/v2\/media?parent=37930"}],"wp:term":[{"taxonomy":"category","embeddable":true,"href":"https:\/\/247stiri.ro\/index.php\/wp-json\/wp\/v2\/categories?post=37930"},{"taxonomy":"post_tag","embeddable":true,"href":"https:\/\/247stiri.ro\/index.php\/wp-json\/wp\/v2\/tags?post=37930"}],"curies":[{"name":"wp","href":"https:\/\/api.w.org\/{rel}","templated":true}]}}