{"id":3794,"date":"2024-11-02T06:53:58","date_gmt":"2024-11-02T06:53:58","guid":{"rendered":"https:\/\/247stiri.ro\/index.php\/2024\/11\/02\/razboi-in-ucraina-ziua-984-zelenski-isi-acuza-aliatii-de-pasivitate-fata-de-soldatii-nord-coreeni-din-rusia\/"},"modified":"2024-11-02T06:53:58","modified_gmt":"2024-11-02T06:53:58","slug":"razboi-in-ucraina-ziua-984-zelenski-isi-acuza-aliatii-de-pasivitate-fata-de-soldatii-nord-coreeni-din-rusia","status":"publish","type":"post","link":"https:\/\/247stiri.ro\/index.php\/2024\/11\/02\/razboi-in-ucraina-ziua-984-zelenski-isi-acuza-aliatii-de-pasivitate-fata-de-soldatii-nord-coreeni-din-rusia\/","title":{"rendered":"R\u0103zboi \u00een Ucraina, ziua 984. Zelenski \u00ee\u015fi acuz\u0103 alia\u0163ii de pasivitate fa\u0163\u0103 de solda\u0163ii nord-coreeni din Rusia"},"content":{"rendered":"<p>Pre\u015fedintele ucrainean Volodimir Zelenski \u015fi-a acuzat vineri alia\u0163ii de pasivitate \u00een fa\u0163a mobiliz\u0103rii solda\u0163ilor nord-coreeni \u00een Rusia, cer\u00e2nd \u00eenc\u0103 o dat\u0103 s\u0103 poat\u0103 folosi arme cu raz\u0103 lung\u0103 de ac\u0163iune \u00een loc de &#8222;a a\u015ftepta ca armata nord-coreean\u0103 s\u0103 \u00eenceap\u0103 s\u0103-i loveasc\u0103 pe ucraineni&#8221;, relateaz\u0103 AFP.&#8221;Acum vedem toate locurile \u00een care Rusia adun\u0103 ace\u015fti solda\u0163i nord-coreeni pe teritoriul s\u0103u, toate taberele lor. Am putea lovi preventiv, dac\u0103 am avea capacitatea de a lovi suficient de departe&#8221;, a declarat Zelenski \u00een discursul s\u0103u zilnic, acuz\u00e2ndu-\u015fi alia\u0163ii c\u0103 &#8222;a\u015fteapt\u0103 doar ca armata nord-coreean\u0103 s\u0103 \u00eenceap\u0103 s\u0103-i loveasc\u0103 pe ucraineni&#8221; \u00een loc s\u0103 le furnizeze arme cu raz\u0103 lung\u0103 de ac\u0163iune &#8222;de care are mare nevoie&#8221;.<\/p>\n<p>SUA au anun\u0163at vineri un nou ajutor militar pentru Ucraina \u00een sum\u0103 de 425 de milioane de dolari. \u00a0Noul pachet, care vine cu c\u00e2teva zile \u00eenainte alegerilor preziden\u0163iale din SUA \u015fi \u00eentr-un moment \u00een care Washingtonul acuz\u0103 Coreea de Nord c\u0103 a trimis solda\u0163i \u00een Rusia pentru a lupta \u00eempotriva Kievului, cuprinde echipamente de ap\u0103rare antiaerian\u0103, muni\u0163ie pentru artilerie, vehicule blindate \u015fi arme antitanc, noteaz\u0103 AFP.<\/p>","protected":false},"excerpt":{"rendered":"<p>Pre\u015fedintele ucrainean Volodimir Zelenski \u015fi-a acuzat vineri alia\u0163ii de pasivitate \u00een fa\u0163a mobiliz\u0103rii solda\u0163ilor nord-coreeni&hellip;<\/p>\n","protected":false},"author":0,"featured_media":3779,"comment_status":"open","ping_status":"open","sticky":false,"template":"","format":"standard","meta":{"footnotes":""},"categories":[2],"tags":[],"class_list":["post-3794","post","type-post","status-publish","format-standard","has-post-thumbnail","hentry","category-actual"],"_links":{"self":[{"href":"https:\/\/247stiri.ro\/index.php\/wp-json\/wp\/v2\/posts\/3794","targetHints":{"allow":["GET"]}}],"collection":[{"href":"https:\/\/247stiri.ro\/index.php\/wp-json\/wp\/v2\/posts"}],"about":[{"href":"https:\/\/247stiri.ro\/index.php\/wp-json\/wp\/v2\/types\/post"}],"replies":[{"embeddable":true,"href":"https:\/\/247stiri.ro\/index.php\/wp-json\/wp\/v2\/comments?post=3794"}],"version-history":[{"count":0,"href":"https:\/\/247stiri.ro\/index.php\/wp-json\/wp\/v2\/posts\/3794\/revisions"}],"wp:featuredmedia":[{"embeddable":true,"href":"https:\/\/247stiri.ro\/index.php\/wp-json\/wp\/v2\/media\/3779"}],"wp:attachment":[{"href":"https:\/\/247stiri.ro\/index.php\/wp-json\/wp\/v2\/media?parent=3794"}],"wp:term":[{"taxonomy":"category","embeddable":true,"href":"https:\/\/247stiri.ro\/index.php\/wp-json\/wp\/v2\/categories?post=3794"},{"taxonomy":"post_tag","embeddable":true,"href":"https:\/\/247stiri.ro\/index.php\/wp-json\/wp\/v2\/tags?post=3794"}],"curies":[{"name":"wp","href":"https:\/\/api.w.org\/{rel}","templated":true}]}}