{"id":37952,"date":"2025-03-09T12:45:42","date_gmt":"2025-03-09T12:45:42","guid":{"rendered":"https:\/\/247stiri.ro\/index.php\/2025\/03\/09\/accident-de-autobuz-in-judetul-timis-soferul-si-7-pasageri-au-fost-raniti-foto\/"},"modified":"2025-03-09T12:45:42","modified_gmt":"2025-03-09T12:45:42","slug":"accident-de-autobuz-in-judetul-timis-soferul-si-7-pasageri-au-fost-raniti-foto","status":"publish","type":"post","link":"https:\/\/247stiri.ro\/index.php\/2025\/03\/09\/accident-de-autobuz-in-judetul-timis-soferul-si-7-pasageri-au-fost-raniti-foto\/","title":{"rendered":"Accident de autobuz \u00een jude\u021bul Timi\u0219. \u015eoferul \u015fi 7 pasageri au fost r\u0103ni\u0163i &#8211; FOTO"},"content":{"rendered":"<p>Echipele de salvare au mobilizat resurse semnificative pentru gestionarea situa\u021biei. La locul accidentului au fost trimise o autospecial\u0103 de prim\u0103 interven\u021bie \u0219i comand\u0103, o autospecial\u0103 de stingere cu modul de descarcerare, o autospecial\u0103 de descarcerare, un echipaj SMURD, o autospecial\u0103 pentru transport personal \u0219i victime multiple, un microbuz \u0219i trei ambulan\u021be SAJ, dintre care una cu medic, scrie <a href=\"https:\/\/www.paginadetimis.ro\/accident-autobuz-7-persoane-cheglevici-interventie-urgenta\/?utm_source=facebook&amp;utm_medium=jetpack_social&amp;fbclid=IwY2xjawI6ZSJleHRuA2FlbQIxMQABHTRtCvQO2BMdea0nzgE468U_IBI85YQoXVwJMyZ-Y7bZAj2JGF1wIfsoNw_aem_TUPvlaeWccAnG1lVUlwb6g\" target=\"_blank\">paginadetimis.<\/a><\/p>\n<p>Echipajele medicale au intervenit rapid \u0219i au transportat toate cele \u0219apte persoane implicate \u00een accidentul rutier din Cheglevici la Spitalul Clinic Jude\u021bean de Urgen\u021b\u0103 Pius Br\u00eenzeu Timi\u0219oara. Potrivit informa\u021biilor furnizate de autorit\u0103\u021bi, victimele sunt \u00een stare con\u0219tient\u0103 \u0219i cooperant\u0103, primind \u00eengrijiri medicale de specialitate.<\/p>","protected":false},"excerpt":{"rendered":"<p>Echipele de salvare au mobilizat resurse semnificative pentru gestionarea situa\u021biei. La locul accidentului au fost&hellip;<\/p>\n","protected":false},"author":0,"featured_media":37953,"comment_status":"open","ping_status":"open","sticky":false,"template":"","format":"standard","meta":{"footnotes":""},"categories":[2],"tags":[],"class_list":["post-37952","post","type-post","status-publish","format-standard","has-post-thumbnail","hentry","category-actual"],"_links":{"self":[{"href":"https:\/\/247stiri.ro\/index.php\/wp-json\/wp\/v2\/posts\/37952","targetHints":{"allow":["GET"]}}],"collection":[{"href":"https:\/\/247stiri.ro\/index.php\/wp-json\/wp\/v2\/posts"}],"about":[{"href":"https:\/\/247stiri.ro\/index.php\/wp-json\/wp\/v2\/types\/post"}],"replies":[{"embeddable":true,"href":"https:\/\/247stiri.ro\/index.php\/wp-json\/wp\/v2\/comments?post=37952"}],"version-history":[{"count":0,"href":"https:\/\/247stiri.ro\/index.php\/wp-json\/wp\/v2\/posts\/37952\/revisions"}],"wp:featuredmedia":[{"embeddable":true,"href":"https:\/\/247stiri.ro\/index.php\/wp-json\/wp\/v2\/media\/37953"}],"wp:attachment":[{"href":"https:\/\/247stiri.ro\/index.php\/wp-json\/wp\/v2\/media?parent=37952"}],"wp:term":[{"taxonomy":"category","embeddable":true,"href":"https:\/\/247stiri.ro\/index.php\/wp-json\/wp\/v2\/categories?post=37952"},{"taxonomy":"post_tag","embeddable":true,"href":"https:\/\/247stiri.ro\/index.php\/wp-json\/wp\/v2\/tags?post=37952"}],"curies":[{"name":"wp","href":"https:\/\/api.w.org\/{rel}","templated":true}]}}