{"id":37972,"date":"2025-03-09T15:46:07","date_gmt":"2025-03-09T15:46:07","guid":{"rendered":"https:\/\/247stiri.ro\/index.php\/2025\/03\/09\/ursula-von-der-leyen-inca-il-considera-pe-donald-trump-un-aliat-al-ue-desi-semnalele-sunt-contrare\/"},"modified":"2025-03-09T15:46:07","modified_gmt":"2025-03-09T15:46:07","slug":"ursula-von-der-leyen-inca-il-considera-pe-donald-trump-un-aliat-al-ue-desi-semnalele-sunt-contrare","status":"publish","type":"post","link":"https:\/\/247stiri.ro\/index.php\/2025\/03\/09\/ursula-von-der-leyen-inca-il-considera-pe-donald-trump-un-aliat-al-ue-desi-semnalele-sunt-contrare\/","title":{"rendered":"Ursula von der Leyen \u00eenc\u0103 \u00eel consider\u0103 pe Donald Trump un aliat al UE, de\u0219i semnalele sunt contrare"},"content":{"rendered":"<p>\u00centrebat\u0103 dac\u0103 este nevoie ca natura rela\u0163iei cu Statele Unite s\u0103 se transforme profund, a\u015fa cum o face UE cu China, ea a r\u0103spuns &#8222;\u00een mod clar nu&#8221;. &#8222;Rela\u0163ia pe care o avem cu Statele Unite este complet diferit\u0103 de cea pe care o avem cu China&#8221;, a subliniat politiciana german\u0103, cunoscut\u0103 ca fiind foarte atlantist\u0103.<\/p>\n<p>Trump a amenin\u0163at recent Europa cu taxe vamale, a ini\u0163iat o apropiere de pre\u015fedintele rus Vladimir Putin care \u00eengrijoreaz\u0103 Ucraina \u015fi UE \u015fi a pus sub semnul \u00eentreb\u0103rii protec\u0163ia american\u0103 a europenilor \u00een cadrul NATO. &#8222;Suntem alia\u0163i (cu americanii), dar asta \u00eenseamn\u0103 c\u0103 to\u0163i alia\u0163ii trebuie s\u0103-\u015fi asume responsabilit\u0103\u0163ile&#8221;, a subliniat pre\u015fedinta Comisiei Europene, \u00een cadrul unei conferin\u0163e de pres\u0103 despre primele 100 de zile ale celui de-al doilea mandat.\u00centrebat\u0103 despre o posibil\u0103 \u00eent\u00e2lnire fa\u0163\u0103 \u00een fa\u0163\u0103 cu Trump, ea a r\u0103mas evaziv\u0103. &#8222;Ne vom \u00eent\u00e2lni c\u00e2nd va fi momentul potrivit&#8221;, a r\u0103spuns pre\u015fedinta CE. Aceasta\u00a0a salutat sprijinul acordat \u00een aceast\u0103 s\u0103pt\u0103m\u00e2n\u0103 de \u015fefii de stat \u015fi de guvern din statele membre ale UE pentru planul s\u0103u &#8222;Re\u00eenarmarea Europei&#8221;, care ar trebui s\u0103 fac\u0103 posibil\u0103 mobilizarea a p\u00e2n\u0103 la 800 de miliarde de euro pentru investi\u0163ii \u00een\u00a0ap\u0103rarea\u00a0european\u0103, a\u015fa cum cer Statele Unite.<\/p>\n<p>&#8222;Este un moment istoric. Aceasta ar putea fi baza pentru o Uniune European\u0103 a Ap\u0103r\u0103rii&#8221;, a spus ea. &#8222;Avem nevoie de ac\u0163iuni comune, de achizi\u0163ii comune&#8221;, a ad\u0103ugat Ursula von der Leyen. Dar, evoc\u00e2nd numeroasele op\u0163iuni aflate pe mas\u0103 pentru a spori efortul de ap\u0103rare, ea a evitat s\u0103 men\u0163ioneze posibilitatea unui nou \u00eemprumut comun mare, dorit de Fran\u0163a, \u00eens\u0103 respins de mai multe state membre.<\/p>\n<p>Ca parte a preg\u0103tirilor pentru a face fa\u0163\u0103 amenin\u0163\u0103rilor cu care se confrunt\u0103 Europa \u00een contextul tensiunilor cu Rusia, pre\u015fedinta executivului european a anun\u0163at c\u0103 va organiza \u00eent\u00e2lniri pe tema securit\u0103\u0163ii cu \u00eentregul colegiu al comisarilor europeni. &#8222;\u00cen s\u0103pt\u0103m\u00e2nile urm\u0103toare, voi convoca primul &#8222;colegiu de securitate&#8221;. Acest lucru va asigura c\u0103 membrii colegiului primesc actualiz\u0103ri regulate cu privire la evolu\u0163iile \u00een materie de securitate, (inclusiv \u00een leg\u0103tur\u0103 cu) energia, ap\u0103rarea \u015fi cercetarea. De la cibernetic\u0103 la interferen\u0163a str\u0103in\u0103, trec\u00e2nd prin comer\u0163&#8221;, a spus ea. &#8222;Numai dac\u0103 avem o \u00een\u0163elegere clar\u0103 \u015fi aprofundat\u0103 a amenin\u0163\u0103rilor, inclusiv a amenin\u0163\u0103rilor hibride, putem contribui eficient la securitatea colectiv\u0103&#8221;, a declarat Ursula von der Leyen.<\/p>","protected":false},"excerpt":{"rendered":"<p>\u00centrebat\u0103 dac\u0103 este nevoie ca natura rela\u0163iei cu Statele Unite s\u0103 se transforme profund, a\u015fa&hellip;<\/p>\n","protected":false},"author":0,"featured_media":37969,"comment_status":"open","ping_status":"open","sticky":false,"template":"","format":"standard","meta":{"footnotes":""},"categories":[2],"tags":[],"class_list":["post-37972","post","type-post","status-publish","format-standard","has-post-thumbnail","hentry","category-actual"],"_links":{"self":[{"href":"https:\/\/247stiri.ro\/index.php\/wp-json\/wp\/v2\/posts\/37972","targetHints":{"allow":["GET"]}}],"collection":[{"href":"https:\/\/247stiri.ro\/index.php\/wp-json\/wp\/v2\/posts"}],"about":[{"href":"https:\/\/247stiri.ro\/index.php\/wp-json\/wp\/v2\/types\/post"}],"replies":[{"embeddable":true,"href":"https:\/\/247stiri.ro\/index.php\/wp-json\/wp\/v2\/comments?post=37972"}],"version-history":[{"count":0,"href":"https:\/\/247stiri.ro\/index.php\/wp-json\/wp\/v2\/posts\/37972\/revisions"}],"wp:featuredmedia":[{"embeddable":true,"href":"https:\/\/247stiri.ro\/index.php\/wp-json\/wp\/v2\/media\/37969"}],"wp:attachment":[{"href":"https:\/\/247stiri.ro\/index.php\/wp-json\/wp\/v2\/media?parent=37972"}],"wp:term":[{"taxonomy":"category","embeddable":true,"href":"https:\/\/247stiri.ro\/index.php\/wp-json\/wp\/v2\/categories?post=37972"},{"taxonomy":"post_tag","embeddable":true,"href":"https:\/\/247stiri.ro\/index.php\/wp-json\/wp\/v2\/tags?post=37972"}],"curies":[{"name":"wp","href":"https:\/\/api.w.org\/{rel}","templated":true}]}}