{"id":37983,"date":"2025-03-09T16:45:02","date_gmt":"2025-03-09T16:45:02","guid":{"rendered":"https:\/\/247stiri.ro\/index.php\/2025\/03\/09\/poporul-in-strada-in-timp-ce-bec-decide-soarta-candidaturii-lui-calin-georgescu-nu-il-pot-opri-live-text\/"},"modified":"2025-03-09T16:45:02","modified_gmt":"2025-03-09T16:45:02","slug":"poporul-in-strada-in-timp-ce-bec-decide-soarta-candidaturii-lui-calin-georgescu-nu-il-pot-opri-live-text","status":"publish","type":"post","link":"https:\/\/247stiri.ro\/index.php\/2025\/03\/09\/poporul-in-strada-in-timp-ce-bec-decide-soarta-candidaturii-lui-calin-georgescu-nu-il-pot-opri-live-text\/","title":{"rendered":"Poporul, \u00een strad\u0103, \u00een timp ce BEC decide soarta candidaturii lui C\u0103lin Georgescu: \u201eNu \u00eel pot opri\u201d LIVE TEXT"},"content":{"rendered":"<p>UPDATE 18:41 &#8211; Protestatar: Am venit pentru sus\u021binerea candidaturii. Nu am emo\u021bii, trebuie s\u0103 mearg\u0103 ai departe, nu are leg\u0103tur\u0103 cu contesta\u021biile. Nu \u00eel vor opri. Tot acest narativ, c\u0103 nu va fi l\u0103sat s\u0103 candideze, este ca s\u0103 oblige s\u0103 se \u00eenscrie mai mul\u021bi suverani\u0219ti ca s\u0103 i mai fure din voturi. Ei schimb\u0103 legea din mers. NU e legal.<\/p>\n<p>UPDATE\u00a0 18:25 &#8211;\u00a0 Gelu Vi\u0219an Nu exist\u0103 niciun motiv de invalidare a candidaturii lui C\u0103lin Georgescu. Le mul\u021bumesc sus\u021bin\u0103torilor lui c\u0103 nu au depus, la r\u00e2ndul lor, \u0219i ei contesta\u021bii, pentru c\u0103 altfel se bloca definitiv activitatea Biroului Electoral Central.<\/p>\n<p>UPDATE 17:44 &#8211; Sute de oameni s-au str\u00e2ns \u00een fa\u021ba sediului BEC \u00een \u00eencercarea de a convinge autorit\u0103\u021bile s\u0103 nu blocheze candidatura lui C\u0103lin Georgescu.<\/p>\n<p>UPDATE 17:00 &#8211; Ingrid Mocanu &#8211; Ei cred c\u0103 interzicerea candidaturii rezolv\u0103 probleme, am putea ajunge ca alegerile s\u0103 nu fie recunoscute. Mult mai periculoas\u0103 ar fi agita\u021bia popular\u0103. Toate aceste specula\u021bii sunt f\u0103cute de cei care vor s\u0103 destabilizeze statul, \u0219i cred ca \u00een spatele acestor ac\u021biuni exist\u0103 un stat ostil nou\u0103.\u00a0\u00a0<\/p>\n<p>Potrivit unor surse REALITATEA PLUS, semn\u0103turile lui C\u0103lin Georgescu sunt legale \u0219i perfect valabile. Mai mult, dosarul a fost verificat de aproximativ 40 de persoane.<\/p>\n<p>Sus\u021bin\u0103torii lui C\u0103lin Georgescu sunt \u0219i ei la sediul institu\u021biei pentru a afla dac\u0103 Georgescu intr\u0103 \u00een cursa pentru Cotroceni. \u00cen \u0219edin\u021b\u0103 ar urma s\u0103 fie analizate \u0219i cele 1.300 de contesta\u021bii depune \u00eempotriva candidatului favorit la preziden\u021biale.\u00a0<\/p>","protected":false},"excerpt":{"rendered":"<p>UPDATE 18:41 &#8211; Protestatar: Am venit pentru sus\u021binerea candidaturii. Nu am emo\u021bii, trebuie s\u0103 mearg\u0103&hellip;<\/p>\n","protected":false},"author":0,"featured_media":37981,"comment_status":"open","ping_status":"open","sticky":false,"template":"","format":"standard","meta":{"footnotes":""},"categories":[2],"tags":[],"class_list":["post-37983","post","type-post","status-publish","format-standard","has-post-thumbnail","hentry","category-actual"],"_links":{"self":[{"href":"https:\/\/247stiri.ro\/index.php\/wp-json\/wp\/v2\/posts\/37983","targetHints":{"allow":["GET"]}}],"collection":[{"href":"https:\/\/247stiri.ro\/index.php\/wp-json\/wp\/v2\/posts"}],"about":[{"href":"https:\/\/247stiri.ro\/index.php\/wp-json\/wp\/v2\/types\/post"}],"replies":[{"embeddable":true,"href":"https:\/\/247stiri.ro\/index.php\/wp-json\/wp\/v2\/comments?post=37983"}],"version-history":[{"count":0,"href":"https:\/\/247stiri.ro\/index.php\/wp-json\/wp\/v2\/posts\/37983\/revisions"}],"wp:featuredmedia":[{"embeddable":true,"href":"https:\/\/247stiri.ro\/index.php\/wp-json\/wp\/v2\/media\/37981"}],"wp:attachment":[{"href":"https:\/\/247stiri.ro\/index.php\/wp-json\/wp\/v2\/media?parent=37983"}],"wp:term":[{"taxonomy":"category","embeddable":true,"href":"https:\/\/247stiri.ro\/index.php\/wp-json\/wp\/v2\/categories?post=37983"},{"taxonomy":"post_tag","embeddable":true,"href":"https:\/\/247stiri.ro\/index.php\/wp-json\/wp\/v2\/tags?post=37983"}],"curies":[{"name":"wp","href":"https:\/\/api.w.org\/{rel}","templated":true}]}}