{"id":37984,"date":"2025-03-09T16:45:02","date_gmt":"2025-03-09T16:45:02","guid":{"rendered":"https:\/\/247stiri.ro\/index.php\/2025\/03\/09\/papa-francisc-mesaj-de-pe-patul-de-spital-avem-nevoie-de-miracolul-tandretii-care-ii-insoteste-pe-cei-aflati-la-grea-incercare\/"},"modified":"2025-03-09T16:45:02","modified_gmt":"2025-03-09T16:45:02","slug":"papa-francisc-mesaj-de-pe-patul-de-spital-avem-nevoie-de-miracolul-tandretii-care-ii-insoteste-pe-cei-aflati-la-grea-incercare","status":"publish","type":"post","link":"https:\/\/247stiri.ro\/index.php\/2025\/03\/09\/papa-francisc-mesaj-de-pe-patul-de-spital-avem-nevoie-de-miracolul-tandretii-care-ii-insoteste-pe-cei-aflati-la-grea-incercare\/","title":{"rendered":"Papa Francisc, mesaj de pe patul de spital: \u201eAvem nevoie de miracolul tandre\u0163ii, care \u00eei \u00eenso\u0163e\u015fte pe cei afla\u0163i la grea \u00eencercare\u201d"},"content":{"rendered":"<p>Papa Francisc a mul\u0163umit personalului medical care \u00eel trateaz\u0103 la spitalul Gemelli din Roma \u00een mesajul s\u0103u din cadrul rug\u0103ciunii Angelus de duminic\u0103, reiter\u00e2nd \u00een acela\u015fi timp apelul s\u0103u la pace \u00een zonele de r\u0103zboi ale lumii, transmite agen\u0163ia ANSA, preluat\u0103 de Agerpres.<\/p>\n<p>Rug\u0103ciunea duminical\u0103 papal\u0103 Angelus a fost distribuit\u0103, la fel ca \u00een duminicile precedente, doar \u00een scris de Vatican, f\u0103r\u0103 ca aceasta s\u0103 fie citit\u0103 de Papa Francisc, internat \u00eencep\u00e2nd de la 14 februarie.<\/p>\n<p>\u201eFra\u0163i \u015fi surori, \u00een prelungita mea spitalizare aici am sim\u0163it \u015fi eu grija slujirii \u015fi afec\u0163iunea \u00eengrijirii, \u00een special din partea medicilor \u015fi a lucr\u0103torilor sanitari, c\u0103rora le mul\u0163umesc din ad\u00e2ncul inimii\u201d, se arat\u0103 \u00een mesajul Angelus.<\/p>\n<p>\u201e\u015ei, \u00een timp ce m\u0103 aflu aici, m\u0103 g\u00e2ndesc la at\u00e2tea persoane care, \u00een diferite moduri, sunt aproape de bolnavi \u015fi sunt pentru ei un semn al prezen\u0163ei Domnului. Avem nevoie de acest lucru, de miracolul tandre\u0163ii, care \u00eei \u00eenso\u0163e\u015fte pe cei afla\u0163i la grea \u00eencercare, aduc\u00e2nd pu\u0163in\u0103 lumin\u0103 \u00een noaptea suferin\u0163ei. Doresc s\u0103 le mul\u0163umesc tuturor celor care \u00eemi arat\u0103 apropierea lor \u00een rug\u0103ciune: v\u0103 mul\u0163umesc din ad\u00e2ncul inimii \u015fi m\u0103 rog pentru voi!\u201d, a transmis suveranul pontif.<\/p>\n<p>\u201e\u00cempreun\u0103, s\u0103 continu\u0103m s\u0103 invoc\u0103m darul p\u0103cii, \u00een special \u00een chinuita Ucrain\u0103, \u00een Palestina, Israel, Liban \u015fi Myanmar, Sudan \u015fi Republica Democratic\u0103 Congo. \u00cen special, am aflat cu \u00eengrijorare de reluarea violen\u0163elor \u00een unele zone din Siria; sper ca acestea s\u0103 \u00eenceteze pentru totdeauna, cu deplin respect pentru toate componentele etnice \u015fi religioase ale societ\u0103\u0163ii, \u00een special pentru civili\u201d, a ad\u0103ugat Papa Francisc.<\/p>\n<p>Duminic\u0103 diminea\u0163\u0103, Vaticanul a transmis c\u0103 Papa Francisc a petrecut \u201eo noapte calm\u0103\u201d \u00een spital. Anterior, s\u00e2mb\u0103t\u0103, Vaticanul a anun\u0163at c\u0103 papa r\u0103spunde bine la tratament, preciz\u00e2nd c\u0103 a fost observat\u0103 \u201eo u\u015foar\u0103 \u00eembun\u0103t\u0103\u0163ire treptat\u0103\u201d.<\/p>\n<p>Potrivit Vaticanului, papa continu\u0103 tratamentele farmacologice \u015fi fizioterapia respiratorie \u015fi motorie. \u00cen cazul s\u0103u, medicii alterneaz\u0103 ventila\u0163ia mecanic\u0103 neinvaziv\u0103 pe timp de noapte cu oxigenoterapia cu debit mare pe timp de zi.<\/p>\n<p>Vaticanul a precizat c\u0103 papa a primit duminic\u0103 vizita cardinalului secretar de stat Pietro Parolin \u015fi a substitutului pentru Afacerile generale ale Secretariatului de Stat, arhiepiscopul Edgar Pena Parra. \u201eSuveranul pontif se \u00eent\u00e2lne\u015fte cu ei \u00een mod regulat \u00een cursul s\u0103pt\u0103m\u00e2nii \u015fi integreaz\u0103 aceste \u00eent\u00e2lniri \u015fi \u00een \u015federea sa la Gemelli\u201d, a precizat biroul de pres\u0103 al Vaticanului. \u201eEste o ocazie de a-l \u0163ine la curent pe suveranul pontif cu privire la situa\u0163ia Bisericii \u015fi a lumii. Trebuie remarcat\u0103 referirea papei \u00een Angelus-ul de ast\u0103zi la situa\u0163ia din Siria; cu siguran\u0163\u0103, \u015fi acest lucru a fost discutat\u201d, a notat Vaticanul.<\/p>","protected":false},"excerpt":{"rendered":"<p>Papa Francisc a mul\u0163umit personalului medical care \u00eel trateaz\u0103 la spitalul Gemelli din Roma \u00een&hellip;<\/p>\n","protected":false},"author":0,"featured_media":37979,"comment_status":"open","ping_status":"open","sticky":false,"template":"","format":"standard","meta":{"footnotes":""},"categories":[2],"tags":[],"class_list":["post-37984","post","type-post","status-publish","format-standard","has-post-thumbnail","hentry","category-actual"],"_links":{"self":[{"href":"https:\/\/247stiri.ro\/index.php\/wp-json\/wp\/v2\/posts\/37984","targetHints":{"allow":["GET"]}}],"collection":[{"href":"https:\/\/247stiri.ro\/index.php\/wp-json\/wp\/v2\/posts"}],"about":[{"href":"https:\/\/247stiri.ro\/index.php\/wp-json\/wp\/v2\/types\/post"}],"replies":[{"embeddable":true,"href":"https:\/\/247stiri.ro\/index.php\/wp-json\/wp\/v2\/comments?post=37984"}],"version-history":[{"count":0,"href":"https:\/\/247stiri.ro\/index.php\/wp-json\/wp\/v2\/posts\/37984\/revisions"}],"wp:featuredmedia":[{"embeddable":true,"href":"https:\/\/247stiri.ro\/index.php\/wp-json\/wp\/v2\/media\/37979"}],"wp:attachment":[{"href":"https:\/\/247stiri.ro\/index.php\/wp-json\/wp\/v2\/media?parent=37984"}],"wp:term":[{"taxonomy":"category","embeddable":true,"href":"https:\/\/247stiri.ro\/index.php\/wp-json\/wp\/v2\/categories?post=37984"},{"taxonomy":"post_tag","embeddable":true,"href":"https:\/\/247stiri.ro\/index.php\/wp-json\/wp\/v2\/tags?post=37984"}],"curies":[{"name":"wp","href":"https:\/\/api.w.org\/{rel}","templated":true}]}}