{"id":37985,"date":"2025-03-09T16:45:03","date_gmt":"2025-03-09T16:45:03","guid":{"rendered":"https:\/\/247stiri.ro\/index.php\/2025\/03\/09\/incendiile-de-vegetatie-au-mai-facut-o-victima-un-barbat-de-78-de-ani-a-murit-pe-camp-cuprins-de-flacari\/"},"modified":"2025-03-09T16:45:03","modified_gmt":"2025-03-09T16:45:03","slug":"incendiile-de-vegetatie-au-mai-facut-o-victima-un-barbat-de-78-de-ani-a-murit-pe-camp-cuprins-de-flacari","status":"publish","type":"post","link":"https:\/\/247stiri.ro\/index.php\/2025\/03\/09\/incendiile-de-vegetatie-au-mai-facut-o-victima-un-barbat-de-78-de-ani-a-murit-pe-camp-cuprins-de-flacari\/","title":{"rendered":"Incendiile de vegeta\u021bie au mai f\u0103cut o victim\u0103. Un b\u0103rbat de 78 de ani a murit pe c\u00e2mp, cuprins de fl\u0103c\u0103ri"},"content":{"rendered":"<p>Anterior, \u00een jude\u021bul Maramure\u0219, echipele de interven\u021bie au g\u0103sit o femeie \u00een v\u00e2rst\u0103 de 67 de ani carbonizat\u0103, prins\u0103 \u00een mijlocul unui incendiu provocat chiar de ea.<\/p>\n<p>Poli\u021bi\u0219tii au deschis dosar penal pentru ucidere din culp\u0103 \u0219i fac cercet\u0103ri \u00een cazul unui b\u0103tr\u00e2n de 78 de ani g\u0103sit decedat duminic\u0103 dup\u0103-amiaz\u0103 pe un c\u00e2mp cuprins de fl\u0103c\u0103ri din comuna Pietrari, au informat reprezentan\u021bii Inspectoratului de Poli\u021bie Jude\u021bean (IPJ) V\u00e2lcea.<\/p>\n<p>Potrivit sursei citate, cadavrul b\u0103tr\u00e2nului a fost descoperit de echipajul de poli\u021bie \u00een urma unui apel la 112 care anun\u021ba producerea unui incendiu \u00een zona respectiv\u0103, iar din primele informa\u021bii se pare c\u0103 b\u0103tr\u00e2nul ar fi fost cel care a pornit focul.<\/p>\n<p>&#8216;\u00cen acest caz, poli\u021bi\u0219tii efectueaz\u0103 cercet\u0103ri sub coordonarea Parchetului de pe l\u00e2ng\u0103 Judec\u0103toria Horezu, \u00een cadrul unui dosar penal deschis sub aspectul s\u0103v\u00e2r\u0219irii infrac\u021biunii de ucidere din culp\u0103, urm\u00e2nd a fi stabilite \u00eemprejur\u0103rile exacte \u00een care s-a produs incidentul&#8217;, a transmis purt\u0103torul de cuv\u00e2nt al IPJ V\u00e2lcea, Eduard V\u0103duva.<\/p>\n<p>Pompierii militari v\u00e2lceni sunt de c\u00e2teva zile \u00een alert\u0103 din cauza incendiilor de vegeta\u021bie uscat\u0103 izbucnite \u00een jude\u021b, \u00een prezent zeci de cadre militare fiind angrenate \u00een stingerea fl\u0103c\u0103rilor \u00een alte cinci localit\u0103\u021bi, dup\u0103 ce \u0219i s\u00e2mb\u0103t\u0103 au avut 19 interven\u021bii la astfel de evenimente.<\/p>","protected":false},"excerpt":{"rendered":"<p>Anterior, \u00een jude\u021bul Maramure\u0219, echipele de interven\u021bie au g\u0103sit o femeie \u00een v\u00e2rst\u0103 de 67&hellip;<\/p>\n","protected":false},"author":0,"featured_media":37986,"comment_status":"open","ping_status":"open","sticky":false,"template":"","format":"standard","meta":{"footnotes":""},"categories":[2],"tags":[],"class_list":["post-37985","post","type-post","status-publish","format-standard","has-post-thumbnail","hentry","category-actual"],"_links":{"self":[{"href":"https:\/\/247stiri.ro\/index.php\/wp-json\/wp\/v2\/posts\/37985","targetHints":{"allow":["GET"]}}],"collection":[{"href":"https:\/\/247stiri.ro\/index.php\/wp-json\/wp\/v2\/posts"}],"about":[{"href":"https:\/\/247stiri.ro\/index.php\/wp-json\/wp\/v2\/types\/post"}],"replies":[{"embeddable":true,"href":"https:\/\/247stiri.ro\/index.php\/wp-json\/wp\/v2\/comments?post=37985"}],"version-history":[{"count":0,"href":"https:\/\/247stiri.ro\/index.php\/wp-json\/wp\/v2\/posts\/37985\/revisions"}],"wp:featuredmedia":[{"embeddable":true,"href":"https:\/\/247stiri.ro\/index.php\/wp-json\/wp\/v2\/media\/37986"}],"wp:attachment":[{"href":"https:\/\/247stiri.ro\/index.php\/wp-json\/wp\/v2\/media?parent=37985"}],"wp:term":[{"taxonomy":"category","embeddable":true,"href":"https:\/\/247stiri.ro\/index.php\/wp-json\/wp\/v2\/categories?post=37985"},{"taxonomy":"post_tag","embeddable":true,"href":"https:\/\/247stiri.ro\/index.php\/wp-json\/wp\/v2\/tags?post=37985"}],"curies":[{"name":"wp","href":"https:\/\/api.w.org\/{rel}","templated":true}]}}