{"id":37996,"date":"2025-03-09T17:45:12","date_gmt":"2025-03-09T17:45:12","guid":{"rendered":"https:\/\/247stiri.ro\/index.php\/2025\/03\/09\/surse-biroul-electoral-central-a-validat-prima-candidatura-la-prezidentiale-au-fost-respinse-toate-contestatiile\/"},"modified":"2025-03-09T17:45:12","modified_gmt":"2025-03-09T17:45:12","slug":"surse-biroul-electoral-central-a-validat-prima-candidatura-la-prezidentiale-au-fost-respinse-toate-contestatiile","status":"publish","type":"post","link":"https:\/\/247stiri.ro\/index.php\/2025\/03\/09\/surse-biroul-electoral-central-a-validat-prima-candidatura-la-prezidentiale-au-fost-respinse-toate-contestatiile\/","title":{"rendered":"SURSE Biroul Electoral Central a validat prima candidatur\u0103 la preziden\u021biale. Au fost respinse toate contesta\u021biile"},"content":{"rendered":"<p>Biroul Electoral Central a respins toate contesta\u021biile \u0219i a fost validat\u0103 candidatura lui\u00a0Nicu\u0219or Dan\u00a0la alegerile preziden\u021biale din 4 \u0219i 18 mai 2025. Cea mai a\u0219teptat\u0103 decizie este cea legat\u0103 de candidatura lui\u00a0C\u0103lin Georgescu, iar la ora transmiterii acestei \u0219tiri sute de oameni protesteaz\u0103 \u00een fa\u021ba BEC.<\/p>\n<p>Biroul Electoral Central s-a \u00eentrunit duminic\u0103, de la ora 18.00, pentru a decide asupra valid\u0103rii sau invalid\u0103rii candidaturilor depuse pentru alegerile preziden\u0163iale din luna mai. Potrivit legii, \u00een cazul lui C\u0103lin Georgescu \u015fi al lui Nicu\u015for Dan, membrii BEC trebuie s\u0103 ia o hot\u0103r\u00e2re p\u00e2n\u0103 la miezul nop\u0163ii de duminic\u0103. \u00cen cazul candidaturii lui Crin Antonescu, decizia poate fi luat\u0103 p\u00e2n\u0103 mar\u0163i, la ora 24.00. La ora transmiterii acestei \u015ftiri, \u00een fa\u0163a sediului BEC se afl\u0103 c\u00e2teva zeci de simpatizan\u021bi ai lui C\u0103lin Georgescu.<\/p>\n<p>Primul care \u0219i-a depus candidatura<\/p>\n<p>Primul preziden\u0163iabil care \u015fi-a depus candidatura, ca independent, a fost actualul primar general al Capitalei, Nicu\u015for Dan. Acesta s-a prezentat, vineri, la ora 12.00, la BEC, av\u00e2nd \u015fi cele peste 200.000 de semn\u0103turi necesare \u00eenscrierii \u00een cursa preziden\u0163ial\u0103. Dup\u0103 depunerea candidaturii, Dan a declarat c\u0103 este rolul pre\u015fedintelui s\u0103 adune toate energiile pentru a face din Rom\u00e2nia acea \u0163ar\u0103 care s\u0103 conteze \u00een Europa \u015fi \u00een lume. Potrivit edilului, la alegerile de acum trei luni, mesajul rom\u00e2nilor a fost c\u0103 a\u015fa nu se mai poate, c\u0103 Rom\u00e2nia este o \u0163ar\u0103 corupt\u0103 \u015fi c\u0103 institu\u0163iile statului sunt confiscate de g\u0103\u015fti.<\/p>\n<p>Tot \u00een cursul zilei de vineri, patru ore mai t\u00e2rziu, \u015fi-a depus candidatura \u015fi controversatul candidat suveranist C\u0103lin Georgescu, tot ca independent, \u00een prezen\u0163a a c\u00e2torva sute de simpatizan\u0163i care au adus cu ei portrete ale sale \u015fi care i-au scandat numele, dar \u015fi alte lozinci, cre\u00e2nd haos \u00een fa\u0163a sediului BEC \u015fi oblig\u00e2ndu-i pe jandarmi s\u0103 \u00eenconjoare zona cu garduri de protec\u0163ie.<\/p>\n<p>Cu un sfert de or\u0103 \u00eenaintea independentului C\u0103lin Georgescu, la sediul BEC au ajuns liderul AUR, George Simion, \u015fi pre\u015fedinta POT, Anamaria Gavril\u0103, care au declarat c\u0103 \u00eel sus\u0163in pe Georgescu. \u00centrebat, la ie\u015firea din sediul Biroului Electoral Central, dup\u0103 ce \u015fi-a depus candidatura, ce va face dac\u0103 nu se va reg\u0103si pe buletinul de vot, Georgescu a r\u0103spuns: \u201eEste imposibil!\u201dDuminic\u0103, la ora 13.00, \u015fi-a depus candidatura la Pre\u015fedin\u0163ia Rom\u00e2niei Crin Antonescu, sus\u0163inut de coali\u0163ia de guvernare, iar la ie\u015firea de la Biroul Electoral Central acesta a declarat c\u0103 nu se clatin\u0103, mul\u0163umind so\u0163iei sale \u015fi celor care l-au sus\u0163inut. \u201dVoi uni aceast\u0103 na\u0163iune, voi \u00eent\u0103ri aceat\u0103 na\u0163iune\u201d, a dat el asigur\u0103ri.<\/p>\n<p>\u00cenc\u0103 de duminic\u0103 diminea\u0163\u0103, \u00een fa\u0163a sediului BEC, din Centrul Vechi al Capitalei, s-au adunat at\u00e2t simpatizan\u0163i ai lui Crin Antonescu, cu pancarte pe care scria \u201dCrin pre\u015fedinte\u201d, dar \u015fi simpatizan\u0163i ai lui C\u0103lin Georgescu, \u00een a\u015fteptarea deciziei de duminic\u0103 sear\u0103, a BEC, \u00een privin\u0163a valid\u0103rii sau invalid\u0103rii candidaturilor.<\/p>","protected":false},"excerpt":{"rendered":"<p>Biroul Electoral Central a respins toate contesta\u021biile \u0219i a fost validat\u0103 candidatura lui\u00a0Nicu\u0219or Dan\u00a0la alegerile&hellip;<\/p>\n","protected":false},"author":0,"featured_media":37992,"comment_status":"open","ping_status":"open","sticky":false,"template":"","format":"standard","meta":{"footnotes":""},"categories":[2],"tags":[],"class_list":["post-37996","post","type-post","status-publish","format-standard","has-post-thumbnail","hentry","category-actual"],"_links":{"self":[{"href":"https:\/\/247stiri.ro\/index.php\/wp-json\/wp\/v2\/posts\/37996","targetHints":{"allow":["GET"]}}],"collection":[{"href":"https:\/\/247stiri.ro\/index.php\/wp-json\/wp\/v2\/posts"}],"about":[{"href":"https:\/\/247stiri.ro\/index.php\/wp-json\/wp\/v2\/types\/post"}],"replies":[{"embeddable":true,"href":"https:\/\/247stiri.ro\/index.php\/wp-json\/wp\/v2\/comments?post=37996"}],"version-history":[{"count":0,"href":"https:\/\/247stiri.ro\/index.php\/wp-json\/wp\/v2\/posts\/37996\/revisions"}],"wp:featuredmedia":[{"embeddable":true,"href":"https:\/\/247stiri.ro\/index.php\/wp-json\/wp\/v2\/media\/37992"}],"wp:attachment":[{"href":"https:\/\/247stiri.ro\/index.php\/wp-json\/wp\/v2\/media?parent=37996"}],"wp:term":[{"taxonomy":"category","embeddable":true,"href":"https:\/\/247stiri.ro\/index.php\/wp-json\/wp\/v2\/categories?post=37996"},{"taxonomy":"post_tag","embeddable":true,"href":"https:\/\/247stiri.ro\/index.php\/wp-json\/wp\/v2\/tags?post=37996"}],"curies":[{"name":"wp","href":"https:\/\/api.w.org\/{rel}","templated":true}]}}