{"id":38000,"date":"2025-03-09T18:45:58","date_gmt":"2025-03-09T18:45:58","guid":{"rendered":"https:\/\/247stiri.ro\/index.php\/2025\/03\/09\/biroul-electoral-central-comunicat-oficial-despre-respingerea-candidaturii-lui-calin-georgescu\/"},"modified":"2025-03-09T18:45:58","modified_gmt":"2025-03-09T18:45:58","slug":"biroul-electoral-central-comunicat-oficial-despre-respingerea-candidaturii-lui-calin-georgescu","status":"publish","type":"post","link":"https:\/\/247stiri.ro\/index.php\/2025\/03\/09\/biroul-electoral-central-comunicat-oficial-despre-respingerea-candidaturii-lui-calin-georgescu\/","title":{"rendered":"Biroul Electoral Central, COMUNICAT OFICIAL despre respingerea candidaturii lui C\u0103lin Georgescu"},"content":{"rendered":"<p>BEC arat\u0103 c\u0103 au fost decizii privind respingerea \u00eenregistr\u0103rii candidaturii independente a lui Ion, Maria Marcu \u0219i C\u0103lin Georgescu.<\/p>\n<p>Potrivit comunicatului de pres\u0103 transmis de BEC, a fost \u0219i o decizie privind \u00eenregistrarea candidaturii independente a lui Nicu\u0219or-Daniel Dan \u0219i a semnului electoral la alegerile pentru Pre\u0219edintele Rom\u00e2niei din anul 2025.<\/p>\n<p>Ce transmite BEC \u00een comunicat:<\/p>\n<p>\u201d\u00cen \u0219edin\u021ba sa din 09.03.2025, Biroul Electoral Central a adoptat urm\u0103toarele decizii:<\/p>\n<p>&#8211; Decizia privind respingerea candidaturii independente a domnului Popa Ion la alegerile pentru Pre\u0219edintele Rom\u00e2niei din anul 2025;<\/p>\n<p>&#8211; Decizie privind respingerea \u00eenregistr\u0103rii candidaturii independente a doamnei Marcu Maria pentru alegerile pentru Pre\u0219edintele Rom\u00e2niei din anul 2025;<\/p>\n<p>&#8211; Decizie privind \u00eenregistrarea candidaturii independente a domnului Dan Nicu\u0219or-Daniel \u0219i a semn electoral la alegerile pentru Pre\u0219edintele Rom\u00e2niei din anul 2025;<\/p>\n<p>&#8211; Decizie privind respingerea \u00eenregistr\u0103rii candidaturii independente a domnului Georgescu C\u0103lin la alegerile pentru Pre\u0219edintele Rom\u00e2niei din anul 2025.\u201d, arat\u0103 comunicatul BEC.<\/p>","protected":false},"excerpt":{"rendered":"<p>BEC arat\u0103 c\u0103 au fost decizii privind respingerea \u00eenregistr\u0103rii candidaturii independente a lui Ion, Maria&hellip;<\/p>\n","protected":false},"author":0,"featured_media":38001,"comment_status":"open","ping_status":"open","sticky":false,"template":"","format":"standard","meta":{"footnotes":""},"categories":[3],"tags":[],"class_list":["post-38000","post","type-post","status-publish","format-standard","has-post-thumbnail","hentry","category-politica"],"_links":{"self":[{"href":"https:\/\/247stiri.ro\/index.php\/wp-json\/wp\/v2\/posts\/38000","targetHints":{"allow":["GET"]}}],"collection":[{"href":"https:\/\/247stiri.ro\/index.php\/wp-json\/wp\/v2\/posts"}],"about":[{"href":"https:\/\/247stiri.ro\/index.php\/wp-json\/wp\/v2\/types\/post"}],"replies":[{"embeddable":true,"href":"https:\/\/247stiri.ro\/index.php\/wp-json\/wp\/v2\/comments?post=38000"}],"version-history":[{"count":0,"href":"https:\/\/247stiri.ro\/index.php\/wp-json\/wp\/v2\/posts\/38000\/revisions"}],"wp:featuredmedia":[{"embeddable":true,"href":"https:\/\/247stiri.ro\/index.php\/wp-json\/wp\/v2\/media\/38001"}],"wp:attachment":[{"href":"https:\/\/247stiri.ro\/index.php\/wp-json\/wp\/v2\/media?parent=38000"}],"wp:term":[{"taxonomy":"category","embeddable":true,"href":"https:\/\/247stiri.ro\/index.php\/wp-json\/wp\/v2\/categories?post=38000"},{"taxonomy":"post_tag","embeddable":true,"href":"https:\/\/247stiri.ro\/index.php\/wp-json\/wp\/v2\/tags?post=38000"}],"curies":[{"name":"wp","href":"https:\/\/api.w.org\/{rel}","templated":true}]}}