{"id":38002,"date":"2025-03-09T18:45:59","date_gmt":"2025-03-09T18:45:59","guid":{"rendered":"https:\/\/247stiri.ro\/index.php\/2025\/03\/09\/calin-georgescu-primul-mesaj-dupa-respingerea-candidaturii-o-lovitura-directa-in-inima-democratiei-din-intreaga-lume-este-doar-inceputul\/"},"modified":"2025-03-09T18:45:59","modified_gmt":"2025-03-09T18:45:59","slug":"calin-georgescu-primul-mesaj-dupa-respingerea-candidaturii-o-lovitura-directa-in-inima-democratiei-din-intreaga-lume-este-doar-inceputul","status":"publish","type":"post","link":"https:\/\/247stiri.ro\/index.php\/2025\/03\/09\/calin-georgescu-primul-mesaj-dupa-respingerea-candidaturii-o-lovitura-directa-in-inima-democratiei-din-intreaga-lume-este-doar-inceputul\/","title":{"rendered":"C\u0103lin Georgescu, primul mesaj dup\u0103 respingerea candidaturii: O lovitur\u0103 direct\u0103 \u00een inima democra\u021biei din \u00eentreaga lume! Este doar \u00eenceputul"},"content":{"rendered":"<p>&#8222;O lovitur\u0103 direct\u0103 \u00een inima democra\u021biei din \u00eentreaga lume! Mai am un mesaj: dac\u0103 democra\u021bia va c\u0103dea \u00een Rom\u00e2nia, \u00eentreaga lume democratic\u0103 va c\u0103dea! Acesta este doar \u00eenceputul. Este at\u00e2t de simplu!<\/p>\n<p>Europa este acum o dictatur\u0103, Rom\u00e2nia este sub tiranie&#8221;, a scris C\u0103lin Georgescu, \u00eentr-o postare pe re\u021beaua X.<\/p>\n<p>Reamintim c\u0103 Biroul Electoral Central (BEC) a anun\u021bat, \u00een aceast\u0103 sear\u0103, c\u0103 a respins \u00eenregistrarea candidaturii lui C\u0103lin Georgescu pentru alegerile preziden\u021biale. Biroul nu a oferit \u00eenc\u0103 o motivare.\u00a0<\/p>\n<p>Potrivit calendarului alegerilor preziden\u021biale, cel mai t\u00e2rziu la data de 18 martie, candida\u021bii, partidele politice, organiza\u021biile cet\u0103\u021benilor apar\u021bin\u00e2nd minorit\u0103\u021bilor na\u021bionale, alian\u021bele politice, alian\u021bele electorale \u0219i aleg\u0103torii pot formula contesta\u021bii la Curtea Constitu\u021bional\u0103 privind \u00eenregistrarea sau respingerea \u00eenregistr\u0103rii candidaturilor sau a semnelor electorale, dup\u0103 caz. CCR solu\u021bioneaz\u0103 contesta\u021biile prin hot\u0103r\u00e2ri definitive, ce se comunic\u0103 de \u00eendat\u0103 Biroului Electoral Central \u0219i se public\u0103 \u00een Monitorul Oficial.<\/p>","protected":false},"excerpt":{"rendered":"<p>&#8222;O lovitur\u0103 direct\u0103 \u00een inima democra\u021biei din \u00eentreaga lume! Mai am un mesaj: dac\u0103 democra\u021bia&hellip;<\/p>\n","protected":false},"author":0,"featured_media":38003,"comment_status":"open","ping_status":"open","sticky":false,"template":"","format":"standard","meta":{"footnotes":""},"categories":[3],"tags":[],"class_list":["post-38002","post","type-post","status-publish","format-standard","has-post-thumbnail","hentry","category-politica"],"_links":{"self":[{"href":"https:\/\/247stiri.ro\/index.php\/wp-json\/wp\/v2\/posts\/38002","targetHints":{"allow":["GET"]}}],"collection":[{"href":"https:\/\/247stiri.ro\/index.php\/wp-json\/wp\/v2\/posts"}],"about":[{"href":"https:\/\/247stiri.ro\/index.php\/wp-json\/wp\/v2\/types\/post"}],"replies":[{"embeddable":true,"href":"https:\/\/247stiri.ro\/index.php\/wp-json\/wp\/v2\/comments?post=38002"}],"version-history":[{"count":0,"href":"https:\/\/247stiri.ro\/index.php\/wp-json\/wp\/v2\/posts\/38002\/revisions"}],"wp:featuredmedia":[{"embeddable":true,"href":"https:\/\/247stiri.ro\/index.php\/wp-json\/wp\/v2\/media\/38003"}],"wp:attachment":[{"href":"https:\/\/247stiri.ro\/index.php\/wp-json\/wp\/v2\/media?parent=38002"}],"wp:term":[{"taxonomy":"category","embeddable":true,"href":"https:\/\/247stiri.ro\/index.php\/wp-json\/wp\/v2\/categories?post=38002"},{"taxonomy":"post_tag","embeddable":true,"href":"https:\/\/247stiri.ro\/index.php\/wp-json\/wp\/v2\/tags?post=38002"}],"curies":[{"name":"wp","href":"https:\/\/api.w.org\/{rel}","templated":true}]}}