{"id":38012,"date":"2025-03-09T19:45:53","date_gmt":"2025-03-09T19:45:53","guid":{"rendered":"https:\/\/247stiri.ro\/index.php\/2025\/03\/09\/presa-internationala-cu-ochii-pe-romania-respingerea-candidaturii-lui-calin-georgescu-tratata-in-regim-de-breaking-news\/"},"modified":"2025-03-09T19:45:53","modified_gmt":"2025-03-09T19:45:53","slug":"presa-internationala-cu-ochii-pe-romania-respingerea-candidaturii-lui-calin-georgescu-tratata-in-regim-de-breaking-news","status":"publish","type":"post","link":"https:\/\/247stiri.ro\/index.php\/2025\/03\/09\/presa-internationala-cu-ochii-pe-romania-respingerea-candidaturii-lui-calin-georgescu-tratata-in-regim-de-breaking-news\/","title":{"rendered":"Presa interna\u021bional\u0103, cu ochii pe Rom\u00e2nia. Respingerea candidaturii lui C\u0103lin Georgescu, tratat\u0103 \u00een regim de &#8222;breaking news&#8221;"},"content":{"rendered":"<p>Agen\u0163ia TASS se num\u0103r\u0103 printre primele surse media intern\u0163ionale care au anun\u0163at \u015ftirea: \u201eLui Georgescu i s-a refuzat candidatura la pre\u015fedin\u0163ia Rom\u00e2niei\u201d, titreaz\u0103 agen\u0163ia oficial\u0103 de pres\u0103 a statului rus, care men\u0163ioneaz\u0103 \u00een subtitlu c\u0103 au izbucnit ciocniri \u00een fa\u0163a Biroului Electoral Central dup\u0103 aflarea ve\u015ftii.<\/p>\n<p>\u201eBiroul Electoral Central a refuzat s\u0103 aprobe candidatura lui C\u0103lin Georgescu la alegerile preziden\u0163iale din Rom\u00e2nia care vor avea loc pe 4 mai. Acest lucru a fost anun\u0163at de George Simion, liderul partidului Alian\u0163a pentru Unirea Rom\u00e2nilor, pe Facebook. Potrivit agen\u0163iei de pres\u0103 Agerpres, \u00een fa\u0163a Biroului Electoral Central au izbucnit ciocniri \u00eentre sus\u0163in\u0103torii lui Georgescu \u015fi jandarmii care a\u015fteptau rezultatul. Anterior, Biroul Electoral Central a aprobat candidatura lui Nicu\u015for Dan, primarul general al Capitalei Rom\u00e2niei, la alegerile preziden\u0163iale\u201d, a informat TASS.<\/p>\n<p>Agen\u0163ia Bloomberg scrie c\u0103 Rom\u00e2nia i-a interzis lui C\u0103lin Georgescu s\u0103 candideze la alegerile preziden\u0163iale din luna mai, \u00eentr-o m\u0103sur\u0103 \u201ecare ar putea agrava turbulen\u0163ele politice din \u0163ar\u0103\u201d.<\/p>","protected":false},"excerpt":{"rendered":"<p>Agen\u0163ia TASS se num\u0103r\u0103 printre primele surse media intern\u0163ionale care au anun\u0163at \u015ftirea: \u201eLui Georgescu&hellip;<\/p>\n","protected":false},"author":0,"featured_media":38011,"comment_status":"open","ping_status":"open","sticky":false,"template":"","format":"standard","meta":{"footnotes":""},"categories":[3],"tags":[],"class_list":["post-38012","post","type-post","status-publish","format-standard","has-post-thumbnail","hentry","category-politica"],"_links":{"self":[{"href":"https:\/\/247stiri.ro\/index.php\/wp-json\/wp\/v2\/posts\/38012","targetHints":{"allow":["GET"]}}],"collection":[{"href":"https:\/\/247stiri.ro\/index.php\/wp-json\/wp\/v2\/posts"}],"about":[{"href":"https:\/\/247stiri.ro\/index.php\/wp-json\/wp\/v2\/types\/post"}],"replies":[{"embeddable":true,"href":"https:\/\/247stiri.ro\/index.php\/wp-json\/wp\/v2\/comments?post=38012"}],"version-history":[{"count":0,"href":"https:\/\/247stiri.ro\/index.php\/wp-json\/wp\/v2\/posts\/38012\/revisions"}],"wp:featuredmedia":[{"embeddable":true,"href":"https:\/\/247stiri.ro\/index.php\/wp-json\/wp\/v2\/media\/38011"}],"wp:attachment":[{"href":"https:\/\/247stiri.ro\/index.php\/wp-json\/wp\/v2\/media?parent=38012"}],"wp:term":[{"taxonomy":"category","embeddable":true,"href":"https:\/\/247stiri.ro\/index.php\/wp-json\/wp\/v2\/categories?post=38012"},{"taxonomy":"post_tag","embeddable":true,"href":"https:\/\/247stiri.ro\/index.php\/wp-json\/wp\/v2\/tags?post=38012"}],"curies":[{"name":"wp","href":"https:\/\/api.w.org\/{rel}","templated":true}]}}