{"id":38025,"date":"2025-03-09T20:44:53","date_gmt":"2025-03-09T20:44:53","guid":{"rendered":"https:\/\/247stiri.ro\/index.php\/2025\/03\/09\/george-simion-indiferent-de-oprelisti-noi-mergem-inainte-cu-domnul-calin-georgescu\/"},"modified":"2025-03-09T20:44:53","modified_gmt":"2025-03-09T20:44:53","slug":"george-simion-indiferent-de-oprelisti-noi-mergem-inainte-cu-domnul-calin-georgescu","status":"publish","type":"post","link":"https:\/\/247stiri.ro\/index.php\/2025\/03\/09\/george-simion-indiferent-de-oprelisti-noi-mergem-inainte-cu-domnul-calin-georgescu\/","title":{"rendered":"George Simion: \u201eIndiferent de opreli\u0219ti, noi mergem \u00eenainte cu domnul C\u0103lin Georgescu\u201d"},"content":{"rendered":"<p>\u201eCe poate s\u0103 fac\u0103 Ponta \u0219i televiziunile lui Ciolacu \u0219i ale lui Ghi\u021b\u0103. Noi suntem \u00een permanent\u0103 comunicare cu echipa domnului C\u0103lin Georgescu. Omul nostru din BEC e doamna Ingrid Mocanu. Dosarul este \u00een regul\u0103, reprezentantul AUR \u00een BEC e Ingrid Mocanu. Audi minciuni c\u0103 m\u0103 dezic de protestatari. Eu nu fac precum \u0218o\u0219oac\u0103 sau Ponta. Mesajul e clar. Facem mai departe ce spune domnul C\u0103lin Georgescu, le cer rom\u00e2nilor s\u0103 ias\u0103 \u00een strad\u0103 pa\u0219nic \u0219i mergem mai departe. S\u0103-i l\u0103s\u0103m pe \u0218o\u0219oac\u0103 \u0219i restul \u00een locul tr\u0103d\u0103torilor. M\u00e2ine diminea\u021b\u0103, dup\u0103 ce vorbesc cu domnul Georgescu, o s\u0103 facem ce spune el, pentru c\u0103 a fost cel mai votat dintre rom\u00e2ni. \u0218acalii care se dau suverani\u0219ti \u0219i vor s\u0103 \u00eei ia locul sunt de doi bani.<\/p>\n<p>Am vorbit cu C\u0103lin Georgescu \u0219i am nominalizat pe cineva din echipa lui s\u0103 fie leg\u0103tura la BEC. E ordin pe unitate s\u0103 se r\u0103sp\u00e2ndeasc\u0103 minciuna cu votul. Nu exist\u0103 nicio gre\u0219eal\u0103 \u00een dosar. Toat\u0103 echipa domnului Georgescu \u0219i echipa AUR pot confirma c\u0103 dosarul a fost foarte bine f\u0103cut. Suntem ataca\u021bi fiindc\u0103 mergem \u00een continuare cu domnul C\u0103lin Georgescu. Motivul pentru care au respins este c\u0103 au votat \u201econform con\u0219tiin\u021bei\u201d, a declarat George Simion.<\/p>","protected":false},"excerpt":{"rendered":"<p>\u201eCe poate s\u0103 fac\u0103 Ponta \u0219i televiziunile lui Ciolacu \u0219i ale lui Ghi\u021b\u0103. Noi suntem&hellip;<\/p>\n","protected":false},"author":0,"featured_media":38024,"comment_status":"open","ping_status":"open","sticky":false,"template":"","format":"standard","meta":{"footnotes":""},"categories":[2],"tags":[],"class_list":["post-38025","post","type-post","status-publish","format-standard","has-post-thumbnail","hentry","category-actual"],"_links":{"self":[{"href":"https:\/\/247stiri.ro\/index.php\/wp-json\/wp\/v2\/posts\/38025","targetHints":{"allow":["GET"]}}],"collection":[{"href":"https:\/\/247stiri.ro\/index.php\/wp-json\/wp\/v2\/posts"}],"about":[{"href":"https:\/\/247stiri.ro\/index.php\/wp-json\/wp\/v2\/types\/post"}],"replies":[{"embeddable":true,"href":"https:\/\/247stiri.ro\/index.php\/wp-json\/wp\/v2\/comments?post=38025"}],"version-history":[{"count":0,"href":"https:\/\/247stiri.ro\/index.php\/wp-json\/wp\/v2\/posts\/38025\/revisions"}],"wp:featuredmedia":[{"embeddable":true,"href":"https:\/\/247stiri.ro\/index.php\/wp-json\/wp\/v2\/media\/38024"}],"wp:attachment":[{"href":"https:\/\/247stiri.ro\/index.php\/wp-json\/wp\/v2\/media?parent=38025"}],"wp:term":[{"taxonomy":"category","embeddable":true,"href":"https:\/\/247stiri.ro\/index.php\/wp-json\/wp\/v2\/categories?post=38025"},{"taxonomy":"post_tag","embeddable":true,"href":"https:\/\/247stiri.ro\/index.php\/wp-json\/wp\/v2\/tags?post=38025"}],"curies":[{"name":"wp","href":"https:\/\/api.w.org\/{rel}","templated":true}]}}