{"id":38037,"date":"2025-03-09T21:45:03","date_gmt":"2025-03-09T21:45:03","guid":{"rendered":"https:\/\/247stiri.ro\/index.php\/2025\/03\/09\/ingrid-mocanu-avocata-lui-calin-georgescu-vine-cu-informatii-bomba-povesteste-cum-a-decurs-votul-la-bec\/"},"modified":"2025-03-09T21:45:03","modified_gmt":"2025-03-09T21:45:03","slug":"ingrid-mocanu-avocata-lui-calin-georgescu-vine-cu-informatii-bomba-povesteste-cum-a-decurs-votul-la-bec","status":"publish","type":"post","link":"https:\/\/247stiri.ro\/index.php\/2025\/03\/09\/ingrid-mocanu-avocata-lui-calin-georgescu-vine-cu-informatii-bomba-povesteste-cum-a-decurs-votul-la-bec\/","title":{"rendered":"Ingrid Mocanu, avocata lui C\u0103lin Georgescu, vine cu informa\u021bii bomb\u0103. Poveste\u0219te cum a decurs votul la BEC"},"content":{"rendered":"<p>Votul \u00een interiorul BEC a fost de 10 la 4 pentru solu\u021bia invalid\u0103rii candidaturii. Pentru Validare au fost clare voturile USR \u0219i S.O.S. Rom\u00e2nia + AUR \u0219i POT = 4 voturi. Le-am diferen\u021biat din cauz\u0103 c\u0103 \u00een timp ce primele dou\u0103 au fost voturi clare, cele ale AUR \u0219i POT au fost ciudate: \u201dAUR \u0219i POT au votat pentru validare \u0219i apoi au vrut s\u0103-\u0219i retrag\u0103 votul plec\u00e2nd din sal\u0103\u201d, sus\u021bin surse din cadrul BEC.<\/p>\n<p>Ingrid Mocanu a povestit cum a decurs votul:\u00a0&#8222;Eu am ie\u0219it prima, colegul de la POT a ie\u0219it dup\u0103 mine, apoi noi am luat-o \u00een fa\u021b\u0103 \u0219i nu mai \u0219tim ce s-a \u00eent\u00e2mplat. Cert este c\u0103 ulterior, dup\u0103 ce toat\u0103 lumea a primit foarte multe mesaje, Simion cred c\u0103 aflase din pres\u0103 ceva cu semn\u0103turile &#8211; \u0219i m\u0103 \u00eentreba &#8211; ce-i cu semn\u0103turile &#8211; i-am zis: nu e nicio problem\u0103 cu semn\u0103turile. Este vorba despre con\u0219tiin\u021ba unor oameni care, a\u0219a cred ei, c\u0103 pe con\u0219tiin\u021b\u0103 se garanteaz\u0103 dreptul de a fi ales al acestui cet\u0103\u021bean, dar \u0219i dreptul de a alege al aleg\u0103torilor.<\/p>\n<p>\u0218i i-am spus eu ce s-a \u00eent\u00e2mplat. \u00cen niciun caz n-am avut niciun plan, n-am discutat, n-am stabilit&#8230; eu sunt major\u0103, vaccinat\u0103 \u0219i-mi asum, sunt independent\u0103, nu sus\u021bin niciun candidat, dar sus\u021bin aceast\u0103 \u021bar\u0103, acest popor, eu sus\u021bin democra\u021bia \u0219i vreau ca cet\u0103\u021benii acestei \u021b\u0103ri s\u0103 voteze pe cine cred ei c\u0103 vor s\u0103 le fie pre\u0219edinte, nu pe cine le pune sistemul, nu pe cine ne pun nou\u0103 judec\u0103torii de la CCR sau nu \u0219tiu ce cet\u0103\u021beni desemna\u021bi politic pe acolo prin Biroul Electoral.<\/p>\n<p>Pentru c\u0103 vreau s\u0103 v\u0103 spun c\u0103 dac\u0103 r\u0103m\u00e2neau doar judec\u0103torii de la \u00ceCCJ \u0219i dac\u0103 doar judec\u0103torii votau \u00eempotriv\u0103 noi am fi avut majoritate. Reprezentan\u021bii partidelor politice cu cei de la AEP cu tot am fi avut majoritate, deci ar fi r\u0103mas \u00een minoritatea dac\u0103, s\u0103 zicem, aceast\u0103 for\u021b\u0103 ocult\u0103 a statului era capacitat\u0103 \u0219i partidele politice erau de bun\u0103 credin\u021b\u0103. Deci noi to\u021bi am fi fost 9 contra 5&#8243; a spus reprezentanta AUR \u00een emisiunea Anc\u0103i Alexandrescu.<\/p>\n<p>&#8222;Noi am votat pentru \u00eenregistrare, 4 am v\u0103zut cu m\u00e2na pe sus. \u00cen acel moment eu m-am ridicat \u0219i am spus &#8211; este inadmisibil, este o mascarad\u0103 la care eu nu mai vreau s\u0103 particip. Mi-am luat geanta \u0219i haina \u0219i am ie\u0219it, \u0219i dup\u0103 mine a ie\u0219it \u0219i colegul de la POT. Restul nu au ie\u0219it. Nu \u0219tiu ce s-a mai \u00eent\u00e2mplat. Eu i-am v\u0103zut pe ceilal\u021bi r\u0103m\u00e2n\u00e2nd cu m\u00e2inile jos. Pentru c\u0103 nu era niciun motiv s\u0103 nu fie \u00eenregistrat\u0103. Nu aveai cum s\u0103 votezi s\u0103 nu fie \u00eenregistrat\u0103 \u00een condi\u021biile \u00een care fusese unanimitate \u0219i nu se discutase nimic, niciun motiv de invalidare la Nicu\u0219or Dan. Deci noi ne-am ridicat din sal\u0103 \u0219i am plecat&#8221; &#8211;\u00a0 a ad\u0103ugat Ingrid Mocanu.<\/p>","protected":false},"excerpt":{"rendered":"<p>Votul \u00een interiorul BEC a fost de 10 la 4 pentru solu\u021bia invalid\u0103rii candidaturii. Pentru&hellip;<\/p>\n","protected":false},"author":0,"featured_media":38031,"comment_status":"open","ping_status":"open","sticky":false,"template":"","format":"standard","meta":{"footnotes":""},"categories":[2],"tags":[],"class_list":["post-38037","post","type-post","status-publish","format-standard","has-post-thumbnail","hentry","category-actual"],"_links":{"self":[{"href":"https:\/\/247stiri.ro\/index.php\/wp-json\/wp\/v2\/posts\/38037","targetHints":{"allow":["GET"]}}],"collection":[{"href":"https:\/\/247stiri.ro\/index.php\/wp-json\/wp\/v2\/posts"}],"about":[{"href":"https:\/\/247stiri.ro\/index.php\/wp-json\/wp\/v2\/types\/post"}],"replies":[{"embeddable":true,"href":"https:\/\/247stiri.ro\/index.php\/wp-json\/wp\/v2\/comments?post=38037"}],"version-history":[{"count":0,"href":"https:\/\/247stiri.ro\/index.php\/wp-json\/wp\/v2\/posts\/38037\/revisions"}],"wp:featuredmedia":[{"embeddable":true,"href":"https:\/\/247stiri.ro\/index.php\/wp-json\/wp\/v2\/media\/38031"}],"wp:attachment":[{"href":"https:\/\/247stiri.ro\/index.php\/wp-json\/wp\/v2\/media?parent=38037"}],"wp:term":[{"taxonomy":"category","embeddable":true,"href":"https:\/\/247stiri.ro\/index.php\/wp-json\/wp\/v2\/categories?post=38037"},{"taxonomy":"post_tag","embeddable":true,"href":"https:\/\/247stiri.ro\/index.php\/wp-json\/wp\/v2\/tags?post=38037"}],"curies":[{"name":"wp","href":"https:\/\/api.w.org\/{rel}","templated":true}]}}