{"id":38038,"date":"2025-03-09T21:45:04","date_gmt":"2025-03-09T21:45:04","guid":{"rendered":"https:\/\/247stiri.ro\/index.php\/2025\/03\/09\/crin-antonescu-georgescu-ar-trebui-lasat-sa-candideze-daca-a-respectat-legea\/"},"modified":"2025-03-09T21:45:04","modified_gmt":"2025-03-09T21:45:04","slug":"crin-antonescu-georgescu-ar-trebui-lasat-sa-candideze-daca-a-respectat-legea","status":"publish","type":"post","link":"https:\/\/247stiri.ro\/index.php\/2025\/03\/09\/crin-antonescu-georgescu-ar-trebui-lasat-sa-candideze-daca-a-respectat-legea\/","title":{"rendered":"Crin Antonescu: \u201eGeorgescu ar trebui l\u0103sat s\u0103 candideze dac\u0103 a respectat legea\u201d"},"content":{"rendered":"<p>Crin Antonescu, candidatul PNL-PSD-UDMR la preziden\u021biale, a declarat c\u0103 Georgescu ar trebui l\u0103sat s\u0103 candideze dac\u0103 respect\u0103 legea \u0219i dosarul s\u0103u a fost depus conform legii. Acesta a comentat \u0219i amenin\u021b\u0103rile lui Potra dup\u0103 decizia BEC.<\/p>\n<p>Declara\u021biile au fost f\u0103cute \u00een cadrul emisiunii \u201eNews Pass\u201d, moderat\u0103 de Laura Chiriac pe B1 TV, \u00een contextul \u00een care Biroul Electoral Central (BEC)\u00a0<a href=\"https:\/\/www.realitatea.net\/stiri\/actual\/sedinta-bec-suspendata-10-minute-lipseste-o-semnatura-din-dosarul-de-candidat-al-lui-calin-georgescu_67cdc72f669b934830394a42\" target=\"_blank\">i-a respins candidatura<\/a>\u00a0lui C\u0103lin Georgescu. Decizia poate fi atacat\u0103 la Curtea Constitu\u021bional\u0103 (CCR), care are ultimul cuv\u00e2nt.<\/p>\n<p>\u201eAm exprimat \u00een repetate r\u00e2nduri \u0219i-mi men\u021bin dorin\u021ba ca totul s\u0103 fie \u00een regul\u0103 \u0219i to\u021bi candida\u021bii s\u0103 se supun\u0103 votului popular. Mi-l doresc \u00een continuare pe dl Georgescu aliniat la startul acestei competi\u021bii \u0219i evaluat exclusiv de votul popular.Asta nu \u00eenseamn\u0103 c\u0103 dl Georgescu sau alt candidat nu mai e \u021binut s\u0103 respecte legile acestei \u021b\u0103ri, dac\u0103 suntem un stat de drept \u0219i sper c\u0103 suntem.<\/p>\n<p>Cred c\u0103 ceea ce trebuia s\u0103 se \u00eent\u00e2mple de ceva vreme, \u0219i sper s\u0103 se \u00eent\u00e2mple dintr-un moment \u00een altul, e totu\u0219i o comunicare minimal\u0103. Chiar dac\u0103 nu o motivare \u00een total\u0103 regul\u0103, o comunicare minimal\u0103 din partea BEC, care s\u0103 fac\u0103 public motivul pentru care dosarul dlui Georgescu a fost respins, c\u0103 toat\u0103 tensiunea vine de aici\u201d, a declarat Crin Antonescu.<\/p>\n<p>Acesta a amintit apoi c\u0103 Georgescu poate uza de o cale de atac la Curtea Constitu\u021bional\u0103.<\/p>","protected":false},"excerpt":{"rendered":"<p>Crin Antonescu, candidatul PNL-PSD-UDMR la preziden\u021biale, a declarat c\u0103 Georgescu ar trebui l\u0103sat s\u0103 candideze&hellip;<\/p>\n","protected":false},"author":0,"featured_media":38033,"comment_status":"open","ping_status":"open","sticky":false,"template":"","format":"standard","meta":{"footnotes":""},"categories":[2],"tags":[],"class_list":["post-38038","post","type-post","status-publish","format-standard","has-post-thumbnail","hentry","category-actual"],"_links":{"self":[{"href":"https:\/\/247stiri.ro\/index.php\/wp-json\/wp\/v2\/posts\/38038","targetHints":{"allow":["GET"]}}],"collection":[{"href":"https:\/\/247stiri.ro\/index.php\/wp-json\/wp\/v2\/posts"}],"about":[{"href":"https:\/\/247stiri.ro\/index.php\/wp-json\/wp\/v2\/types\/post"}],"replies":[{"embeddable":true,"href":"https:\/\/247stiri.ro\/index.php\/wp-json\/wp\/v2\/comments?post=38038"}],"version-history":[{"count":0,"href":"https:\/\/247stiri.ro\/index.php\/wp-json\/wp\/v2\/posts\/38038\/revisions"}],"wp:featuredmedia":[{"embeddable":true,"href":"https:\/\/247stiri.ro\/index.php\/wp-json\/wp\/v2\/media\/38033"}],"wp:attachment":[{"href":"https:\/\/247stiri.ro\/index.php\/wp-json\/wp\/v2\/media?parent=38038"}],"wp:term":[{"taxonomy":"category","embeddable":true,"href":"https:\/\/247stiri.ro\/index.php\/wp-json\/wp\/v2\/categories?post=38038"},{"taxonomy":"post_tag","embeddable":true,"href":"https:\/\/247stiri.ro\/index.php\/wp-json\/wp\/v2\/tags?post=38038"}],"curies":[{"name":"wp","href":"https:\/\/api.w.org\/{rel}","templated":true}]}}