{"id":38048,"date":"2025-03-10T05:46:42","date_gmt":"2025-03-10T05:46:42","guid":{"rendered":"https:\/\/247stiri.ro\/index.php\/2025\/03\/10\/alerta-de-la-meteorologi-praf-saharian-peste-romania-care-sunt-primele-zone-vizate-si-cand-va-avea-loc-fenomenul\/"},"modified":"2025-03-10T05:46:42","modified_gmt":"2025-03-10T05:46:42","slug":"alerta-de-la-meteorologi-praf-saharian-peste-romania-care-sunt-primele-zone-vizate-si-cand-va-avea-loc-fenomenul","status":"publish","type":"post","link":"https:\/\/247stiri.ro\/index.php\/2025\/03\/10\/alerta-de-la-meteorologi-praf-saharian-peste-romania-care-sunt-primele-zone-vizate-si-cand-va-avea-loc-fenomenul\/","title":{"rendered":"ALERT\u0102 de la meteorologi: Praf saharian peste Rom\u00e2nia. Care sunt primele zone vizate \u0219i c\u00e2nd va avea loc fenomenul?"},"content":{"rendered":"<p>O mas\u0103 de aer \u00eenc\u0103rcat\u0103 cu particule de praf saharian va ajunge deasupra Rom\u00e2niei \u00eencep\u00e2nd de mar\u021bi diminea\u021b\u0103, 11 martie, a anun\u021bat duminic\u0103 Administra\u021bia Na\u021bional\u0103 de Meteorologie (ANM).<\/p>\n<p>Circula\u021bia sud-vestic\u0103 a aerului va favoriza avansul acestei mase de aer dinspre nordul Africii c\u0103tre sud-estul Europei, afect\u00e2nd \u0219i \u021bara noastr\u0103 \u00een perioada 9-13 martie, conform ANM.<\/p>\n<p>Depunerile de praf vor putea fi observate ini\u021bial \u00een vestul \u0219i centrul \u021b\u0103rii, ulterior extinz\u00e2ndu-se c\u0103tre sud \u0219i sud-est, \u00een special \u00een timpul ploilor.<\/p>\n<p>ANM precizeaz\u0103 c\u0103 masa de aer \u00eenc\u0103rcat\u0103 cu praf saharian se va \u00eendep\u0103rta de Rom\u00e2nia \u00een noaptea de miercuri spre joi (12 spre 13 martie).<\/p>","protected":false},"excerpt":{"rendered":"<p>O mas\u0103 de aer \u00eenc\u0103rcat\u0103 cu particule de praf saharian va ajunge deasupra Rom\u00e2niei \u00eencep\u00e2nd&hellip;<\/p>\n","protected":false},"author":0,"featured_media":38041,"comment_status":"open","ping_status":"open","sticky":false,"template":"","format":"standard","meta":{"footnotes":""},"categories":[2],"tags":[],"class_list":["post-38048","post","type-post","status-publish","format-standard","has-post-thumbnail","hentry","category-actual"],"_links":{"self":[{"href":"https:\/\/247stiri.ro\/index.php\/wp-json\/wp\/v2\/posts\/38048","targetHints":{"allow":["GET"]}}],"collection":[{"href":"https:\/\/247stiri.ro\/index.php\/wp-json\/wp\/v2\/posts"}],"about":[{"href":"https:\/\/247stiri.ro\/index.php\/wp-json\/wp\/v2\/types\/post"}],"replies":[{"embeddable":true,"href":"https:\/\/247stiri.ro\/index.php\/wp-json\/wp\/v2\/comments?post=38048"}],"version-history":[{"count":0,"href":"https:\/\/247stiri.ro\/index.php\/wp-json\/wp\/v2\/posts\/38048\/revisions"}],"wp:featuredmedia":[{"embeddable":true,"href":"https:\/\/247stiri.ro\/index.php\/wp-json\/wp\/v2\/media\/38041"}],"wp:attachment":[{"href":"https:\/\/247stiri.ro\/index.php\/wp-json\/wp\/v2\/media?parent=38048"}],"wp:term":[{"taxonomy":"category","embeddable":true,"href":"https:\/\/247stiri.ro\/index.php\/wp-json\/wp\/v2\/categories?post=38048"},{"taxonomy":"post_tag","embeddable":true,"href":"https:\/\/247stiri.ro\/index.php\/wp-json\/wp\/v2\/tags?post=38048"}],"curies":[{"name":"wp","href":"https:\/\/api.w.org\/{rel}","templated":true}]}}