{"id":38052,"date":"2025-03-10T05:46:44","date_gmt":"2025-03-10T05:46:44","guid":{"rendered":"https:\/\/247stiri.ro\/index.php\/2025\/03\/10\/autoritatile-au-dispus-o-cercetare-la-fata-locului-dupa-violentele-din-fata-bec-cum-arata-dezastrul-ramas-in-urma-protestelor\/"},"modified":"2025-03-10T05:46:44","modified_gmt":"2025-03-10T05:46:44","slug":"autoritatile-au-dispus-o-cercetare-la-fata-locului-dupa-violentele-din-fata-bec-cum-arata-dezastrul-ramas-in-urma-protestelor","status":"publish","type":"post","link":"https:\/\/247stiri.ro\/index.php\/2025\/03\/10\/autoritatile-au-dispus-o-cercetare-la-fata-locului-dupa-violentele-din-fata-bec-cum-arata-dezastrul-ramas-in-urma-protestelor\/","title":{"rendered":"Autorit\u0103\u021bile au dispus o CERCETARE la fa\u021ba locului dup\u0103 violen\u021bele din fa\u021ba BEC. Cum arat\u0103 DEZASTRUL r\u0103mas \u00een urma protestelor"},"content":{"rendered":"<p>Este o situa\u021bie f\u0103r\u0103 precedent. Vorbim de oameni care s-au mobilizat din toat\u0103 \u021bara noaptea trecut\u0103, dup\u0103 ce au primit vestea celor de la BEC de a respinge dosarul candidaturii lui C\u0103lin Georgescu.\u00a0<\/p>\n<p>Spuneau ini\u021bial ace\u0219tia c\u0103 declara\u021bia lui de avere depus\u0103 anul trecut &#8211; atunci c\u00e2nd s-a \u00eenscris pentru prima dat\u0103 la preziden\u021biale\u00a0 &#8211; nu coincide cu cea depus\u0103 acum.\u00a0<\/p>\n<p>Ace\u0219tia au venit, de asemenea, cu preciz\u0103ri care, potrivit surselor Realitatea PLUS, nu le-ar intra \u00een atribu\u021bii, \u0219i anume decizia pe care au luat-o ar sta la baza hot\u0103r\u00e2rii CCR de a anula alegerile \u00een turul 2 anul trecut.\u00a0<\/p>\n<p>10 membri ai BEC au fost pentru respingerea candidaturii, \u00een timp ce 4 au sus\u021binut acest demers.\u00a0<\/p>\n<p>\u00centre timp, am v\u0103zut haosul din strad\u0103 referitor la aceste decizii pe care mul\u021bi la catalogheaz\u0103 ca fiind manipularea maselor.\u00a0<\/p>\n<p>R\u0103m\u00e2ne de v\u0103zut ce se va \u00eent\u00e2mpla \u00eenacest sens pentru c\u0103 \u00een prezent \u0219tim c\u0103 exist\u0103 2 situa\u021bii: cea \u00een care C\u0103lin Georgescu depune o contesta\u021bie, adic\u0103 atac\u0103 decizia la CCR, \u0219i mai este varianta \u00een care el va relua de la zero procesul depunerii dosarului candidaturii. Are termen p\u00e2n\u0103 pe data de 15 martie.\u00a0<\/p>\n<p>\u00a0<\/p>","protected":false},"excerpt":{"rendered":"<p>Este o situa\u021bie f\u0103r\u0103 precedent. Vorbim de oameni care s-au mobilizat din toat\u0103 \u021bara noaptea&hellip;<\/p>\n","protected":false},"author":0,"featured_media":38053,"comment_status":"open","ping_status":"open","sticky":false,"template":"","format":"standard","meta":{"footnotes":""},"categories":[2],"tags":[],"class_list":["post-38052","post","type-post","status-publish","format-standard","has-post-thumbnail","hentry","category-actual"],"_links":{"self":[{"href":"https:\/\/247stiri.ro\/index.php\/wp-json\/wp\/v2\/posts\/38052","targetHints":{"allow":["GET"]}}],"collection":[{"href":"https:\/\/247stiri.ro\/index.php\/wp-json\/wp\/v2\/posts"}],"about":[{"href":"https:\/\/247stiri.ro\/index.php\/wp-json\/wp\/v2\/types\/post"}],"replies":[{"embeddable":true,"href":"https:\/\/247stiri.ro\/index.php\/wp-json\/wp\/v2\/comments?post=38052"}],"version-history":[{"count":0,"href":"https:\/\/247stiri.ro\/index.php\/wp-json\/wp\/v2\/posts\/38052\/revisions"}],"wp:featuredmedia":[{"embeddable":true,"href":"https:\/\/247stiri.ro\/index.php\/wp-json\/wp\/v2\/media\/38053"}],"wp:attachment":[{"href":"https:\/\/247stiri.ro\/index.php\/wp-json\/wp\/v2\/media?parent=38052"}],"wp:term":[{"taxonomy":"category","embeddable":true,"href":"https:\/\/247stiri.ro\/index.php\/wp-json\/wp\/v2\/categories?post=38052"},{"taxonomy":"post_tag","embeddable":true,"href":"https:\/\/247stiri.ro\/index.php\/wp-json\/wp\/v2\/tags?post=38052"}],"curies":[{"name":"wp","href":"https:\/\/api.w.org\/{rel}","templated":true}]}}