{"id":38058,"date":"2025-03-10T06:45:08","date_gmt":"2025-03-10T06:45:08","guid":{"rendered":"https:\/\/247stiri.ro\/index.php\/2025\/03\/10\/calin-georgescu-se-intalneste-astazi-cu-george-simion-se-stabileste-strategia-dupa-invalidarea-candidaturii-de-catre-bec\/"},"modified":"2025-03-10T06:45:08","modified_gmt":"2025-03-10T06:45:08","slug":"calin-georgescu-se-intalneste-astazi-cu-george-simion-se-stabileste-strategia-dupa-invalidarea-candidaturii-de-catre-bec","status":"publish","type":"post","link":"https:\/\/247stiri.ro\/index.php\/2025\/03\/10\/calin-georgescu-se-intalneste-astazi-cu-george-simion-se-stabileste-strategia-dupa-invalidarea-candidaturii-de-catre-bec\/","title":{"rendered":"C\u0103lin Georgescu se \u00eent\u00e2lne\u0219te, ast\u0103zi, cu George Simion. Se stabile\u0219te strategia dup\u0103 invalidarea candidaturii de c\u0103tre BEC"},"content":{"rendered":"<p>Zi crucial\u0103 pentru democra\u021bie! C\u0103lin Georgescu se \u00eent\u00e2lne\u0219te cu George Simion pentru a stabili strategia dup\u0103 respingerea candidaturii.\u00a0<\/p>\n<p>\u00cent\u00e2lnirea a fost anun\u021bat\u0103 asear\u0103, la Realitatea PLUS, \u00een emisiunea Culisele Statului Paralel.\u00a0<\/p>\n<p>&#8222;Era de a\u0219teptat s\u0103 ac\u021bioneze a\u0219a sistemul, s\u0103 pun\u0103 c\u00e2\u021biva indivizi violen\u021bi s\u0103-i fac\u0103 s\u0103 uite ce s-a \u00eent\u00e2mplat. BEC nu-\u0219i poate atribui o decizie a CCR-ului. Omul cel mai votat de rom\u00e2ni este C\u0103lin Georgescu. O sa \u00eencerce s\u0103-i impute lui C\u0103lin Georgescu, mie.<\/p>\n<p>Diminea\u021b\u0103 (luni diminea\u021b\u0103, n.r.) vom avea o \u00eent\u00e2lnire cu C\u0103lin Georgescu \u0219i, \u00een func\u021bie de ce decide el, a\u0219a mergem \u0219i noi mai departe, nu ne dezicem&#8221;, a spus George Simion.\u00a0<\/p>","protected":false},"excerpt":{"rendered":"<p>Zi crucial\u0103 pentru democra\u021bie! C\u0103lin Georgescu se \u00eent\u00e2lne\u0219te cu George Simion pentru a stabili strategia&hellip;<\/p>\n","protected":false},"author":0,"featured_media":38059,"comment_status":"open","ping_status":"open","sticky":false,"template":"","format":"standard","meta":{"footnotes":""},"categories":[3],"tags":[],"class_list":["post-38058","post","type-post","status-publish","format-standard","has-post-thumbnail","hentry","category-politica"],"_links":{"self":[{"href":"https:\/\/247stiri.ro\/index.php\/wp-json\/wp\/v2\/posts\/38058","targetHints":{"allow":["GET"]}}],"collection":[{"href":"https:\/\/247stiri.ro\/index.php\/wp-json\/wp\/v2\/posts"}],"about":[{"href":"https:\/\/247stiri.ro\/index.php\/wp-json\/wp\/v2\/types\/post"}],"replies":[{"embeddable":true,"href":"https:\/\/247stiri.ro\/index.php\/wp-json\/wp\/v2\/comments?post=38058"}],"version-history":[{"count":0,"href":"https:\/\/247stiri.ro\/index.php\/wp-json\/wp\/v2\/posts\/38058\/revisions"}],"wp:featuredmedia":[{"embeddable":true,"href":"https:\/\/247stiri.ro\/index.php\/wp-json\/wp\/v2\/media\/38059"}],"wp:attachment":[{"href":"https:\/\/247stiri.ro\/index.php\/wp-json\/wp\/v2\/media?parent=38058"}],"wp:term":[{"taxonomy":"category","embeddable":true,"href":"https:\/\/247stiri.ro\/index.php\/wp-json\/wp\/v2\/categories?post=38058"},{"taxonomy":"post_tag","embeddable":true,"href":"https:\/\/247stiri.ro\/index.php\/wp-json\/wp\/v2\/tags?post=38058"}],"curies":[{"name":"wp","href":"https:\/\/api.w.org\/{rel}","templated":true}]}}