{"id":38062,"date":"2025-03-10T06:45:09","date_gmt":"2025-03-10T06:45:09","guid":{"rendered":"https:\/\/247stiri.ro\/index.php\/2025\/03\/10\/gigi-becali-se-retrage-din-cursa-pentru-cotroceni\/"},"modified":"2025-03-10T06:45:09","modified_gmt":"2025-03-10T06:45:09","slug":"gigi-becali-se-retrage-din-cursa-pentru-cotroceni","status":"publish","type":"post","link":"https:\/\/247stiri.ro\/index.php\/2025\/03\/10\/gigi-becali-se-retrage-din-cursa-pentru-cotroceni\/","title":{"rendered":"Gigi Becali se retrage din cursa pentru Cotroceni"},"content":{"rendered":"<p>Gigi Becali \u00ee\u0219i retrage inten\u021bia de a candida la alegerile preziden\u021biale, \u00een urma respingerii dosarului lui C\u0103lin Georgescu de c\u0103tre BEC. El inten\u021biona s\u0103 intre \u00een curs\u0103 doar \u00een cazul \u00een care C\u0103lin Georgescu ar fi fost acceptat.\u00a0<\/p>\n<p>Dosarul lui C\u0103lin Gorgescu a fost respins, duminic\u0103, de BEC, cu 4 voturi \u201epentru\u201d \u0219i 10 \u201e\u00eempotriv\u0103\u201d.<\/p>\n<p>\u201eNu m\u0103 mai intereseaz\u0103 sa candidez eu. M\u0103 interesa doar dac\u0103 ar fi candidat el\u201d, a declarat Gigi Becali.<\/p>","protected":false},"excerpt":{"rendered":"<p>Gigi Becali \u00ee\u0219i retrage inten\u021bia de a candida la alegerile preziden\u021biale, \u00een urma respingerii dosarului&hellip;<\/p>\n","protected":false},"author":0,"featured_media":38063,"comment_status":"open","ping_status":"open","sticky":false,"template":"","format":"standard","meta":{"footnotes":""},"categories":[3],"tags":[],"class_list":["post-38062","post","type-post","status-publish","format-standard","has-post-thumbnail","hentry","category-politica"],"_links":{"self":[{"href":"https:\/\/247stiri.ro\/index.php\/wp-json\/wp\/v2\/posts\/38062","targetHints":{"allow":["GET"]}}],"collection":[{"href":"https:\/\/247stiri.ro\/index.php\/wp-json\/wp\/v2\/posts"}],"about":[{"href":"https:\/\/247stiri.ro\/index.php\/wp-json\/wp\/v2\/types\/post"}],"replies":[{"embeddable":true,"href":"https:\/\/247stiri.ro\/index.php\/wp-json\/wp\/v2\/comments?post=38062"}],"version-history":[{"count":0,"href":"https:\/\/247stiri.ro\/index.php\/wp-json\/wp\/v2\/posts\/38062\/revisions"}],"wp:featuredmedia":[{"embeddable":true,"href":"https:\/\/247stiri.ro\/index.php\/wp-json\/wp\/v2\/media\/38063"}],"wp:attachment":[{"href":"https:\/\/247stiri.ro\/index.php\/wp-json\/wp\/v2\/media?parent=38062"}],"wp:term":[{"taxonomy":"category","embeddable":true,"href":"https:\/\/247stiri.ro\/index.php\/wp-json\/wp\/v2\/categories?post=38062"},{"taxonomy":"post_tag","embeddable":true,"href":"https:\/\/247stiri.ro\/index.php\/wp-json\/wp\/v2\/tags?post=38062"}],"curies":[{"name":"wp","href":"https:\/\/api.w.org\/{rel}","templated":true}]}}