{"id":38064,"date":"2025-03-10T06:45:10","date_gmt":"2025-03-10T06:45:10","guid":{"rendered":"https:\/\/247stiri.ro\/index.php\/2025\/03\/10\/marius-lulea-despre-respingerea-candidaturii-lui-calin-georgescu-este-o-lovitura-de-stat-in-plina-desfasurare\/"},"modified":"2025-03-10T06:45:10","modified_gmt":"2025-03-10T06:45:10","slug":"marius-lulea-despre-respingerea-candidaturii-lui-calin-georgescu-este-o-lovitura-de-stat-in-plina-desfasurare","status":"publish","type":"post","link":"https:\/\/247stiri.ro\/index.php\/2025\/03\/10\/marius-lulea-despre-respingerea-candidaturii-lui-calin-georgescu-este-o-lovitura-de-stat-in-plina-desfasurare\/","title":{"rendered":"Marius Lulea, despre respingerea candidaturii lui C\u0103lin Georgescu: Este o LOVITUR\u0102 DE STAT \u00een plin\u0103 desf\u0103\u0219urare"},"content":{"rendered":"<p>&#8222;Indiferent ce ar fi scris BEC \u00een acea decizie ca \u0219i justificare este irelevant, pentru c\u0103 sunt doar ni\u0219te cuvinte puse pe foaie doar ca s\u0103 justifice un act ilegal pe care l-au comis \u0219i pentru a consolida lovitura de stat pe care au dat-o \u00een decembrie 2024.\u00a0Este o lovitur\u0103 de stat \u00een plin\u0103 desf\u0103\u0219urare, ea nu s-a oprit, este clar c\u0103 se limiteaz\u0103 dreptul rom\u00e2nilor de a-\u0219i alege \u00een mod liber conduc\u0103torii.<\/p>\n<p><a href=\"https:\/\/www.realitatea.net\/stiri\/actual\/george-simion-indiferent-de-oprelisti-noi-mergem-inainte-cu-domnul-calin-georgescu_67cdf5c38cba831374157d96\" target=\"_blank\">George Simion: \u201eIndiferent de opreli\u0219ti, noi mergem \u00eenainte cu domnul C\u0103lin Georgescu\u201d<\/a><\/p>\n<p>Decizia este una aberant\u0103, ne facem de ru\u0219ine la nivel interna\u021bional.\u00a0Faptul c\u0103 de fiecare dat\u0103, for\u021bele de ordine \u0219i b\u0103ie\u021bii de\u0219tep\u021bi din servicii au grij\u0103 s\u0103 aduc\u0103 huligani la proteste \u00eenc\u0103 din primele zile ca s\u0103 \u00eenece protestele.De 35 de ani e acela\u0219i tipar. \u00cencep protestele pa\u0219nice, apar ni\u0219te b\u0103ie\u021bi care tot timpul sunt \u00een rela\u021bie cu jandarmii, arunc\u0103 pietre, dau foc la scaune \u0219i problema e rezolvat\u0103&#8221;, a declarat prim-vicepre\u0219edintele AUR.\u00a0<\/p>","protected":false},"excerpt":{"rendered":"<p>&#8222;Indiferent ce ar fi scris BEC \u00een acea decizie ca \u0219i justificare este irelevant, pentru&hellip;<\/p>\n","protected":false},"author":0,"featured_media":38065,"comment_status":"open","ping_status":"open","sticky":false,"template":"","format":"standard","meta":{"footnotes":""},"categories":[3],"tags":[],"class_list":["post-38064","post","type-post","status-publish","format-standard","has-post-thumbnail","hentry","category-politica"],"_links":{"self":[{"href":"https:\/\/247stiri.ro\/index.php\/wp-json\/wp\/v2\/posts\/38064","targetHints":{"allow":["GET"]}}],"collection":[{"href":"https:\/\/247stiri.ro\/index.php\/wp-json\/wp\/v2\/posts"}],"about":[{"href":"https:\/\/247stiri.ro\/index.php\/wp-json\/wp\/v2\/types\/post"}],"replies":[{"embeddable":true,"href":"https:\/\/247stiri.ro\/index.php\/wp-json\/wp\/v2\/comments?post=38064"}],"version-history":[{"count":0,"href":"https:\/\/247stiri.ro\/index.php\/wp-json\/wp\/v2\/posts\/38064\/revisions"}],"wp:featuredmedia":[{"embeddable":true,"href":"https:\/\/247stiri.ro\/index.php\/wp-json\/wp\/v2\/media\/38065"}],"wp:attachment":[{"href":"https:\/\/247stiri.ro\/index.php\/wp-json\/wp\/v2\/media?parent=38064"}],"wp:term":[{"taxonomy":"category","embeddable":true,"href":"https:\/\/247stiri.ro\/index.php\/wp-json\/wp\/v2\/categories?post=38064"},{"taxonomy":"post_tag","embeddable":true,"href":"https:\/\/247stiri.ro\/index.php\/wp-json\/wp\/v2\/tags?post=38064"}],"curies":[{"name":"wp","href":"https:\/\/api.w.org\/{rel}","templated":true}]}}