{"id":38074,"date":"2025-03-10T06:45:13","date_gmt":"2025-03-10T06:45:13","guid":{"rendered":"https:\/\/247stiri.ro\/index.php\/2025\/03\/10\/elena-lasconi-a-anuntat-ca-isi-va-depune-candidatura-la-prezidentiale-ea-il-sustine-pe-bolojan-pentru-functia-de-premier\/"},"modified":"2025-03-10T06:45:13","modified_gmt":"2025-03-10T06:45:13","slug":"elena-lasconi-a-anuntat-ca-isi-va-depune-candidatura-la-prezidentiale-ea-il-sustine-pe-bolojan-pentru-functia-de-premier","status":"publish","type":"post","link":"https:\/\/247stiri.ro\/index.php\/2025\/03\/10\/elena-lasconi-a-anuntat-ca-isi-va-depune-candidatura-la-prezidentiale-ea-il-sustine-pe-bolojan-pentru-functia-de-premier\/","title":{"rendered":"Elena Lasconi a anun\u021bat c\u0103 \u00ee\u0219i va depune candidatura la preziden\u021biale. Ea \u00eel sus\u021bine pe Bolojan pentru func\u021bia de premier"},"content":{"rendered":"<p>Pre\u0219edintele USR, Elena Lasconi, anun\u021b\u0103 c\u0103 \u00ee\u0219i va depune s\u0103pt\u0103m\u00e2na viitoare, joi, candidatura pentru alegerile preziden\u021biale, dar \u0219i c\u0103 \u00eel va sus\u021bine pe Ilie Bolojan pentru func\u021bia de premier.&#8221;\u00cemi depun candidatura s\u0103pt\u0103m\u00e2na viitoare. (M\u0103 determin\u0103 s\u0103 fac asta, n.r.) faptul c\u0103 am trecut deja printr-o astfel de competi\u021bie anul trecut. M-am \u00eenc\u0103lzit, ca s\u0103 spun a\u0219a. Trebuie s\u0103 continui lupta&#8221;, a spus Lasconi, \u00een cadrul unei emisiuni, la o televiziune.Ea a reamintit c\u0103 a sus\u021binut o candidatur\u0103 a pre\u0219edintelui interimar al Rom\u00e2niei, Ilie Bolojan, pentru preziden\u021biale, dar c\u0103 acesta a refuzat, invoc\u00e2nd faptul c\u0103 vrea s\u0103 \u00ee\u0219i respecte cuv\u00e2ntul dat.&#8221;Cuv\u00e2ntul dat c\u0103tre Marcel Ciolacu&#8230; premierul Nordis. OK&#8230; Eu cred c\u0103 interesul Rom\u00e2niei este mai presus dec\u00e2t a-\u021bi da cuv\u00e2ntul c\u0103tre domnul Ciolacu \u0219i ast\u0103zi am v\u0103zut o mare mul\u021bime acolo &#8211; erau mai mul\u021bi de la PSD dec\u00e2t de la PNL &#8211; pentru sus\u021binerea lui Crin Antonescu&#8221;, a completat Lasconi.Pe de alt\u0103 parte, lidera USR a declarat c\u0103 \u00een cazul \u00een care va c\u00e2\u0219tiga alegerile preziden\u021biale, \u00eel va propune pe Ilie Bolojan pentru func\u021bia de premier.&#8221;Dac\u0103 o s\u0103 ajung pre\u0219edintele Rom\u00e2niei, o s\u0103 fie premier (Ilie Bolojan, n.r.). Am spus-o \u0219i nu a fost doar de dragul campaniei electorale, ci pentru c\u0103 asta am crezut c\u0103 e bine pentru Rom\u00e2nia&#8221;, a mai spus Lasconi.Ea a mai precizat c\u0103 nu are &#8222;nicio \u00een\u021belegere&#8221; cu primarul Capitalei, Nicu\u0219or Dan, \u00een ce prive\u0219te alegerile preziden\u021biale.&#8221;Noi l-am sus\u021binut la Prim\u0103ria Capitalei \u0219i continu\u0103m s\u0103 o facem. Nu am avut discu\u021bii referitoare la candidatur\u0103&#8221;, a subliniat ea.\u00cen opinia Elenei Lasconi, persoanele care nu au o condamnare din partea justi\u021biei ar trebui l\u0103sate s\u0103 candideze. Pe de alt\u0103 parte, a remarcat c\u0103 i-au fost aduse acuza\u021bii &#8222;foarte grave&#8221; candidatului independent C\u0103lin Georgescu.&#8221;Despre mine nu s-a auzit c\u0103 am folosit nici troli, nici ru\u0219i, nici milioane de euro \u00een campanie \u0219i declarat zero lei \u00een campanie. La mine toate au fost transparente, am jucat fair-play \u0219i am fost amendat\u0103 la fel ca domnul Georgescu, despre care se tot spun o gr\u0103mad\u0103 de lucruri, dar \u00eenc\u0103 nu avem o decizie definitiv\u0103 \u0219i irevocabil\u0103. Dar nu putem s\u0103 nu lu\u0103m \u00een calcul faptul c\u0103, totu\u0219i, sunt ni\u0219te capete de acuzare foarte grave, adic\u0103 cele mai grave. Peste ele, exist\u0103 doar \u00eenalt\u0103 tr\u0103dare, de care poate s\u0103 fie acuzat pre\u0219edintele Rom\u00e2niei sau membrii CSAT. Deci sunt acuza\u021bii foarte grave \u0219i trebuie responsabilitate din partea celor care vin s\u0103 ia decizii&#8221;, a spus Lasconi.BEC a anun\u021bat, duminic\u0103 sear\u0103, c\u0103 a fost respins\u0103 \u00eenregistrarea candidaturii lui C\u0103lin Georgescu.Potrivit unui comunicat al BEC, s-a respins \u0219i \u00eenregistrarea candidaturilor altor doi independen\u021bi, Maria Marcu \u0219i Ion Popa.\u00cen schimb, \u00eenregistrarea candidaturii lui Nicu\u0219or Dan a fost acceptat\u0103.<\/p>\n<p><a href=\"https:\/\/www.realitatea.net\/stiri\/politica\/marius-lulea-despre-respingerea-candidaturii-lui-calin-georgescu-este-o-lovitura-de-stat-in-plina-desfasurare_67ce836ccd208028135fa922\" target=\"_blank\">Marius Lulea, despre respingerea candidaturii lui C\u0103lin Georgescu: Este o LOVITUR\u0102 DE STAT \u00een plin\u0103 desf\u0103\u0219urare<\/a><\/p>","protected":false},"excerpt":{"rendered":"<p>Pre\u0219edintele USR, Elena Lasconi, anun\u021b\u0103 c\u0103 \u00ee\u0219i va depune s\u0103pt\u0103m\u00e2na viitoare, joi, candidatura pentru alegerile&hellip;<\/p>\n","protected":false},"author":0,"featured_media":38061,"comment_status":"open","ping_status":"open","sticky":false,"template":"","format":"standard","meta":{"footnotes":""},"categories":[2],"tags":[],"class_list":["post-38074","post","type-post","status-publish","format-standard","has-post-thumbnail","hentry","category-actual"],"_links":{"self":[{"href":"https:\/\/247stiri.ro\/index.php\/wp-json\/wp\/v2\/posts\/38074","targetHints":{"allow":["GET"]}}],"collection":[{"href":"https:\/\/247stiri.ro\/index.php\/wp-json\/wp\/v2\/posts"}],"about":[{"href":"https:\/\/247stiri.ro\/index.php\/wp-json\/wp\/v2\/types\/post"}],"replies":[{"embeddable":true,"href":"https:\/\/247stiri.ro\/index.php\/wp-json\/wp\/v2\/comments?post=38074"}],"version-history":[{"count":0,"href":"https:\/\/247stiri.ro\/index.php\/wp-json\/wp\/v2\/posts\/38074\/revisions"}],"wp:featuredmedia":[{"embeddable":true,"href":"https:\/\/247stiri.ro\/index.php\/wp-json\/wp\/v2\/media\/38061"}],"wp:attachment":[{"href":"https:\/\/247stiri.ro\/index.php\/wp-json\/wp\/v2\/media?parent=38074"}],"wp:term":[{"taxonomy":"category","embeddable":true,"href":"https:\/\/247stiri.ro\/index.php\/wp-json\/wp\/v2\/categories?post=38074"},{"taxonomy":"post_tag","embeddable":true,"href":"https:\/\/247stiri.ro\/index.php\/wp-json\/wp\/v2\/tags?post=38074"}],"curies":[{"name":"wp","href":"https:\/\/api.w.org\/{rel}","templated":true}]}}