{"id":38076,"date":"2025-03-10T06:45:14","date_gmt":"2025-03-10T06:45:14","guid":{"rendered":"https:\/\/247stiri.ro\/index.php\/2025\/03\/10\/tren-atacat-cu-pietre-intre-bucuresti-si-ploiesti-cursele-au-fost-anulate\/"},"modified":"2025-03-10T06:45:14","modified_gmt":"2025-03-10T06:45:14","slug":"tren-atacat-cu-pietre-intre-bucuresti-si-ploiesti-cursele-au-fost-anulate","status":"publish","type":"post","link":"https:\/\/247stiri.ro\/index.php\/2025\/03\/10\/tren-atacat-cu-pietre-intre-bucuresti-si-ploiesti-cursele-au-fost-anulate\/","title":{"rendered":"Tren atacat cu pietre \u00eentre Bucure\u0219ti \u0219i Ploie\u0219ti. Cursele au fost anulate"},"content":{"rendered":"<p>&#8222;\u00cen data de 09.03.2025, la trenul IR 16008 cu circula\u021bie \u00een rela\u021bia Bra\u0219ov &#8211; Bucure\u0219ti Nord, tren compus din rama Alstom Coradia, \u00een zona Chitila, ca urmare a ac\u021biunii unor r\u0103uf\u0103c\u0103tori care au aruncat cu pietre la trecerea trenului, s-a produs spargerea unui geam lateral de la unul dintre vagoanele ramei.<\/p>\n<p>Alstom a comunicat c\u0103 va re\u021bine de la circula\u021bie rama afectat\u0103, p\u00e2n\u0103 la remediere \u0219i c\u0103, \u00eencep\u00e2nd cu data de 10.03.2025, trenurile IR 16001 \u0219i 16003 \u00een rela\u021bia Bucure\u0219ti Nord &#8211; Bra\u0219ov \u0219i, respectiv, IR 16002 \u0219i IR 16008 \u00een rela\u021bia Bra\u0219ov &#8211; Bucure\u0219ti Nord vor fi anulate, circula\u021bia acestora urm\u00e2nd a fi reluat\u0103 imediat ce Alstom va permite repunerea \u00een circula\u021bia a ramei afectate&#8221;, se arat\u0103 \u00eentr-un comunicat al CFR C\u0103l\u0103tori.Potrivit sursei citate, c\u0103l\u0103torii au fost prelua\u021bi de celelalte trenuri operate de CFR C\u0103l\u0103tori aflate \u00een programul zilnic de circula\u021bie, trenuri care circul\u0103 la intervale orare apropiate de cele ale trenurilor Alstom Coradia temporar anulate.<\/p>","protected":false},"excerpt":{"rendered":"<p>&#8222;\u00cen data de 09.03.2025, la trenul IR 16008 cu circula\u021bie \u00een rela\u021bia Bra\u0219ov &#8211; Bucure\u0219ti&hellip;<\/p>\n","protected":false},"author":0,"featured_media":38077,"comment_status":"open","ping_status":"open","sticky":false,"template":"","format":"standard","meta":{"footnotes":""},"categories":[2],"tags":[],"class_list":["post-38076","post","type-post","status-publish","format-standard","has-post-thumbnail","hentry","category-actual"],"_links":{"self":[{"href":"https:\/\/247stiri.ro\/index.php\/wp-json\/wp\/v2\/posts\/38076","targetHints":{"allow":["GET"]}}],"collection":[{"href":"https:\/\/247stiri.ro\/index.php\/wp-json\/wp\/v2\/posts"}],"about":[{"href":"https:\/\/247stiri.ro\/index.php\/wp-json\/wp\/v2\/types\/post"}],"replies":[{"embeddable":true,"href":"https:\/\/247stiri.ro\/index.php\/wp-json\/wp\/v2\/comments?post=38076"}],"version-history":[{"count":0,"href":"https:\/\/247stiri.ro\/index.php\/wp-json\/wp\/v2\/posts\/38076\/revisions"}],"wp:featuredmedia":[{"embeddable":true,"href":"https:\/\/247stiri.ro\/index.php\/wp-json\/wp\/v2\/media\/38077"}],"wp:attachment":[{"href":"https:\/\/247stiri.ro\/index.php\/wp-json\/wp\/v2\/media?parent=38076"}],"wp:term":[{"taxonomy":"category","embeddable":true,"href":"https:\/\/247stiri.ro\/index.php\/wp-json\/wp\/v2\/categories?post=38076"},{"taxonomy":"post_tag","embeddable":true,"href":"https:\/\/247stiri.ro\/index.php\/wp-json\/wp\/v2\/tags?post=38076"}],"curies":[{"name":"wp","href":"https:\/\/api.w.org\/{rel}","templated":true}]}}