{"id":38086,"date":"2025-03-10T07:46:19","date_gmt":"2025-03-10T07:46:19","guid":{"rendered":"https:\/\/247stiri.ro\/index.php\/2025\/03\/10\/george-simion-anunta-decizii-cruciale-asteptam-sfatul-lui-calin-georgescu-e-decizia-lui-vor-sa-faca-iar-o-baie-de-sange-pentru-mentinerea-puterii-live-text-si-video\/"},"modified":"2025-03-10T07:46:19","modified_gmt":"2025-03-10T07:46:19","slug":"george-simion-anunta-decizii-cruciale-asteptam-sfatul-lui-calin-georgescu-e-decizia-lui-vor-sa-faca-iar-o-baie-de-sange-pentru-mentinerea-puterii-live-text-si-video","status":"publish","type":"post","link":"https:\/\/247stiri.ro\/index.php\/2025\/03\/10\/george-simion-anunta-decizii-cruciale-asteptam-sfatul-lui-calin-georgescu-e-decizia-lui-vor-sa-faca-iar-o-baie-de-sange-pentru-mentinerea-puterii-live-text-si-video\/","title":{"rendered":"George Simion anun\u021b\u0103 decizii cruciale: A\u0219tept\u0103m sfatul lui C\u0103lin Georgescu. E decizia lui. Vor s\u0103 fac\u0103 iar o baie de s\u00e2nge pentru men\u021binerea puterii?- LIVE TEXT \u0219i VIDEO"},"content":{"rendered":"<p>Realitatea PLUS, televiziunea poporului, transmite LIVE declara\u021biile liderului suverani\u0219tilor. Urm\u0103ri\u021bi LIVE TEXT principalele declara\u021bii ale lui George Simion:<\/p>\n\n<p>George Simion: Ceea ce se \u00eent\u00e2mpl\u0103 \u00een tara \u00eentrece orice imagina\u021bie. \u0218tiam ca actuala guvernare comite abuzuri, \u00ee\u0219i bate joc de legi, de Constitu\u021bie, dar nu ne-am fi imaginat ca se \u00eent\u00e2mpl\u0103 a\u0219a ceva.\u00a0<\/p>\n<p>Ieri, prin decizia BEC, am tr\u0103it un nou episod din lovitura de stat.<\/p>\n<p>Am v\u0103zut jandarmi \u0219i protestari r\u0103ni\u021bi pentru c\u0103 ni\u0219te criminali ne-au \u00eenh\u0103itat \u00eempotriva celorlal\u021bi.<\/p>\n<p>Facem apel la calm, proteste pa\u0219nice \u0219i alegeri libere.<\/p>\n<p>C\u00e2nd figuri cheie precum C\u0103lin Georgescu sunt reduse la t\u0103cere, acesta este un abuz grav \u0219i un atac asupra drepturilor fundamentale.<\/p>\n<p>Furia pe care o vedem din partea rom\u00e2nilor este rezultatul anilor de tr\u0103dare dinj partea clasei politice.<\/p>\n<p>De\u0219i sus\u021binem dreprul la protest, AUR nu sus\u021bine distrugerea propriet\u0103\u021bii \u0219i violen\u021ba.\u00a0<\/p>\n<p>Rom\u00e2nii au dreptul s\u0103 fie auzi\u021bi. Guvernul trebuie s\u0103 r\u0103spund\u0103 prin solu\u021bii, nu prin represiuni.\u00a0<\/p>\n<p>Doar adversarii Rom\u00e2niei au de c\u00e2\u0219tigat din haos \u0219i din violen\u021b\u0103.\u00a0<\/p>\n<p>\u00cen acest moment, \u00een Rom\u00e2nia anului 2025, vocea poprului nu este respectat\u0103. Avem oameni care nu pot candida prin decizii arbitrare.\u00a0<\/p>\n<p>Ca s\u0103 \u00een\u021beleag\u0103 toat\u0103 \u021bara, nu a exista nicio problem\u0103 la dosarul de candidatur\u0103 a lui C\u0103lin Georgescu. Au fost toate actele, toate semn\u0103turile. Judec\u0103torii s-au retras 15 minute. Cu siguran\u021b\u0103 judec\u0103torii putem spune aveau decizia luat\u0103, apoi s-a trecut la vot \u0219i pentru validarea candidaturii. dac\u0103 aceasta nu este represiune politic\u0103 nu \u0219tiu ce este.\u00a0<\/p>\n<p>\u00cen primul r\u00e2nd, \u00eel consider vinovat pe Marcel Ciolacu. Actuala guvernare \u00eempinge Rom\u00e2nia c\u0103tre un dezastru economic \u0219i social.\u00a0<\/p>\n<p>AUR este aici pentru a g\u0103si solu\u021bii, nu pentru a ne ad\u00e2nci \u00een actuala criz\u0103. Trecem printr-o criz\u0103 \u0219i trebuie s\u0103 oprim aceast\u0103 guvernare s\u0103 ia tot mai multe decizii iresponsabile.\u00a0<\/p>\n<p>Invit\u0103m rom\u00e2nii s\u0103 ni se al\u0103ture \u00eentr-o mi\u0219care pa\u0219nic\u0103 \u0219i democratic\u0103.\u00a0<\/p>\n<p>Statul mafiot din prezent controleaz\u0103 majoritatea partidelor politice \u0219i cvasitotalitatea institu\u021biilor statului.\u00a0<\/p>\n<p>Suntem aici pentru a transmite rom\u00e2nilor c\u0103 a venit timpul ca legile \u0219i Constitu\u021bia s\u0103 fie respectate. Trebuie s\u0103 fim un model de practic\u0103 democratic\u0103, \u00een primul r\u00e2nd. Politicienii merg cu capulk plecat la Bruxelles pentru c\u0103 se simt cu musca pe c\u0103ciul\u0103.\u00a0<\/p>\n<p>Oric\u00e2t de multe abuzuri de ne\u00eenchipuit pe care ei le fac noi avem votul, democra\u021bia de partea noastr\u0103 \u0219i puterea poporului. Indiferent de narativele v\u0103zute la unele televiziuni dictate din birouri conspirate, a\u0219tept\u0103m sfatul pe care C\u0103lin Georgescu ni-l va da. Este decizia lui, iar noi, poporul rom\u00e2n, r\u0103m\u00e2nem alturi de principiile democratice.\u00a0<\/p>\n<p>Pentru dreptate trebuie s\u0103 mergem p\u00e2n\u0103 la cap\u0103t \u00een condi\u021bii pa\u0219nice \u0219i democratice. Nu vorbe\u0219te nimeni depre a da foc la \u021bar\u0103.\u00a0<\/p>\n<p>Autorii loviturii de stat trebuie pedepsi\u021bi exemplar. Trebuie jupui\u021bi de privilegii, de pensii speciale \u0219i \u00eenl\u0103tura\u021bi de la conducerea statului pa\u0219nic \u0219i democratic. Apelul nostru este pentru manifesta\u021bii pa\u0219nice \u0219i democratice.<\/p>\n<p>Cine \u00ee\u0219i \u00eenchipuie c\u0103 m\u0103 poate scoate vinovat are o g\u00e2ndire totalitar\u0103.\u00a0<\/p>\n<p>Nu e nicio semn\u0103tur\u0103 str\u00e2ns\u0103 \u00een momentul acesta pentru George Simion. Victor Ponta \u00eencearc\u0103 s\u0103 se erijeze \u00een continuator al lui Georgescu de\u0219i nu recunoa\u0219te asta. Are o televiziune \u00een spate care \u00eencearc\u0103 s\u0103 g\u0103seasc\u0103 toate relele din lume pe care le-a\u0219 fi comis. C\u0103 eu am uneltit, c\u0103 am adus semn\u0103turi false. \u00cen\u021beleg c\u0103 ave\u021bi ni\u0219te ordine s\u0103-l face\u021bi pe Victor Ponta pre\u0219edinte, voi la Rom\u00e2nia TV. Redactorul-\u0219ef a min\u021bit, dar \u0219i minciuna are picioare scurte.\u00a0<\/p>\n<p>La noi nu a fost o revolu\u021bie de catifea pentru c\u0103 sistemul a fost incapabil. Acum, pun rom\u00e2nii s\u0103 se bat\u0103 \u00eentre ei.\u00a0<\/p>\n<p>Am spus c\u0103 m\u0103 voi \u00eent\u00e2lni cu C\u0103lin Georgescu dup\u0103 aceast\u0103 conferin\u021b\u0103 \u0219i a\u0219tept\u0103m sfatul lui. Ponta, acest Pinocchio pe care televiziunea voastr\u0103 \u00eel sus\u021bine, nu voi admite s\u0103 ajung\u0103 pre\u0219edinte.\u00a0<\/p>\n<p>Vom lua hot\u0103r\u00e2rea pe care domnul Georgescu o propune. Noi poprul rom\u00e2n suntem al\u0103turi de principiile democratice. Sunt sigur c\u0103 Georgescu \u0219tie ce trebuie s\u0103 facem ca s\u0103 dep\u0103\u0219im acest impas spre binele rom\u00e2nilor.\u00a0<\/p>\n<p>Avem un cuv\u00e2nt de spus, r\u0103m\u00e2nem fideli democra\u021biei \u0219i vom lua o decizie dup\u0103 ce ne consult\u0103m cu C\u0103lin Georgescu pentru c\u0103 a\u0219a este corect.\u00a0<\/p>\n<p>Planul B este candidatura lui C\u0103lin Georgescu, planul A era revenirea la democra\u021bie.\u00a0<\/p>\n<p>Despre vandalizarea ma\u0219inii postului Digi24: Consider regretabil\u0103 orice form\u0103 de violen\u021b\u0103. S\u0103 evit\u0103m excesele din ambele p\u0103r\u021bi.\u00a0<\/p>\n<p>Despre protestul de asear\u0103: P\u00e2n\u0103 la ora 23, c\u00e2nd au \u00eenceput s\u0103 vin\u0103 instigatori cu m\u0103\u0219ti pe fa\u021b\u0103 \u0219i Jandarmeria a folosit gaze lacrimogene, protestul s-a desf\u0103\u0219urat cu foarte pu\u021bine incidente. Nu are nimeni vreo unealt\u0103 magic\u0103 atunci c\u00e2nd lumea e furioas\u0103. Eu am avertizat dup\u0103 ultimul miting c\u0103 nu pot s\u0103 mai organizez mitinguri pentru c\u0103 mul\u021bimea este furioas\u0103 \u0219i explodeaz\u0103. Vor s\u0103 fac\u0103 iar o baie de s\u00e2nge pentru men\u021binerea puterii? Asta am v\u0103zut \u0219i asear\u0103. Este regretabil ce am v\u0103zut asear\u0103 \u0219i violen\u021bele.\u00a0<\/p>\n<p>Discu\u021bia cu C\u0103lin Georgescu va fi una privat\u0103, fa\u021b\u0103 \u00een fa\u021b\u0103.<\/p>\n<p>Dac\u0103 o va propune pe Cristela Georgescu s\u0103 intre \u00een curs\u0103: Discut\u0103m ipoteze care nu sunt pe mas\u0103. Cred c\u0103 cel mai corect este s\u0103 nu anticip\u0103m.\u00a0<\/p>\n<p>Nu excludem nicio variant\u0103, dar nici nu suntem profitori de ocazie cum e Ponta care vrea s\u0103 urce pe acest val sau o doamn\u0103 balerin\u0103 care de 1 martie era pe ringul de dans.<\/p>\n<p>\u00a0<\/p>","protected":false},"excerpt":{"rendered":"<p>Realitatea PLUS, televiziunea poporului, transmite LIVE declara\u021biile liderului suverani\u0219tilor. Urm\u0103ri\u021bi LIVE TEXT principalele declara\u021bii ale&hellip;<\/p>\n","protected":false},"author":0,"featured_media":38087,"comment_status":"open","ping_status":"open","sticky":false,"template":"","format":"standard","meta":{"footnotes":""},"categories":[3],"tags":[],"class_list":["post-38086","post","type-post","status-publish","format-standard","has-post-thumbnail","hentry","category-politica"],"_links":{"self":[{"href":"https:\/\/247stiri.ro\/index.php\/wp-json\/wp\/v2\/posts\/38086","targetHints":{"allow":["GET"]}}],"collection":[{"href":"https:\/\/247stiri.ro\/index.php\/wp-json\/wp\/v2\/posts"}],"about":[{"href":"https:\/\/247stiri.ro\/index.php\/wp-json\/wp\/v2\/types\/post"}],"replies":[{"embeddable":true,"href":"https:\/\/247stiri.ro\/index.php\/wp-json\/wp\/v2\/comments?post=38086"}],"version-history":[{"count":0,"href":"https:\/\/247stiri.ro\/index.php\/wp-json\/wp\/v2\/posts\/38086\/revisions"}],"wp:featuredmedia":[{"embeddable":true,"href":"https:\/\/247stiri.ro\/index.php\/wp-json\/wp\/v2\/media\/38087"}],"wp:attachment":[{"href":"https:\/\/247stiri.ro\/index.php\/wp-json\/wp\/v2\/media?parent=38086"}],"wp:term":[{"taxonomy":"category","embeddable":true,"href":"https:\/\/247stiri.ro\/index.php\/wp-json\/wp\/v2\/categories?post=38086"},{"taxonomy":"post_tag","embeddable":true,"href":"https:\/\/247stiri.ro\/index.php\/wp-json\/wp\/v2\/tags?post=38086"}],"curies":[{"name":"wp","href":"https:\/\/api.w.org\/{rel}","templated":true}]}}