{"id":38090,"date":"2025-03-10T07:46:21","date_gmt":"2025-03-10T07:46:21","guid":{"rendered":"https:\/\/247stiri.ro\/index.php\/2025\/03\/10\/trei-ucraineni-recuperati-cu-succes-de-salvamontisti-din-muntii-maramuresului-de-la-o-altitudine-de-2-000-de-metri\/"},"modified":"2025-03-10T07:46:21","modified_gmt":"2025-03-10T07:46:21","slug":"trei-ucraineni-recuperati-cu-succes-de-salvamontisti-din-muntii-maramuresului-de-la-o-altitudine-de-2-000-de-metri","status":"publish","type":"post","link":"https:\/\/247stiri.ro\/index.php\/2025\/03\/10\/trei-ucraineni-recuperati-cu-succes-de-salvamontisti-din-muntii-maramuresului-de-la-o-altitudine-de-2-000-de-metri\/","title":{"rendered":"Trei ucraineni, recupera\u021bi cu succes de salvamonti\u0219ti din Mun\u021bii Maramure\u0219ului, de la o altitudine de 2.000 de metri"},"content":{"rendered":"<p>&#8222;Dup\u0103 mai bine de opt ore, salvatorii montani i-au cobor\u00e2t din munte pe cei trei ucraineni, iar autorit\u0103\u0163ile competente i-au preluat \u00een vederea \u00eendeplinirii procedurilor care se impun \u00een astfel de cazuri. Ace\u015ftia nu au avut nevoie de asisten\u0163\u0103 medical\u0103 specializat\u0103.<\/p>\n<p>Salvatorii le-au oferit ucrainenilor ceai cald \u015fi sandvich-uri \u015fi i-au cobor\u00e2t pedestru p\u00e2n\u0103 \u00een locul \u00een care au l\u0103sat autospeciala. Ac\u0163iunea de recuperare din munte a celor trei ucraineni, cu v\u00e2rste de 32, 27 \u015fi respectiv 24 de ani, a durat peste nou\u0103 ore, \u00een condi\u0163ii de deplasare dificile, din cauza z\u0103pezii mari&#8221; a spus Dan Benga.<\/p>\n<p>Conform sursei citate, z\u0103pada pe munte m\u0103soar\u0103 peste 50 de centimetri, fapt ce a \u00eengreunat deplasarea echipelor de salvare.<\/p>\n<p>\u00cen momentul care echipele de salvare au ajuns la cei trei ucraineni, ace\u015ftia erau afecta\u0163i de frig, obosi\u0163i \u015fi \u00een stare de panic\u0103.<\/p>\n<p>Salvamonti\u015ftii au fost sprijini\u0163i de un echipaj al Sectorului Poli\u0163iei de Frontier\u0103 din comuna Poienile de sub Munte.<\/p>\n<p>\u00a0<\/p>","protected":false},"excerpt":{"rendered":"<p>&#8222;Dup\u0103 mai bine de opt ore, salvatorii montani i-au cobor\u00e2t din munte pe cei trei&hellip;<\/p>\n","protected":false},"author":0,"featured_media":38091,"comment_status":"open","ping_status":"open","sticky":false,"template":"","format":"standard","meta":{"footnotes":""},"categories":[2],"tags":[],"class_list":["post-38090","post","type-post","status-publish","format-standard","has-post-thumbnail","hentry","category-actual"],"_links":{"self":[{"href":"https:\/\/247stiri.ro\/index.php\/wp-json\/wp\/v2\/posts\/38090","targetHints":{"allow":["GET"]}}],"collection":[{"href":"https:\/\/247stiri.ro\/index.php\/wp-json\/wp\/v2\/posts"}],"about":[{"href":"https:\/\/247stiri.ro\/index.php\/wp-json\/wp\/v2\/types\/post"}],"replies":[{"embeddable":true,"href":"https:\/\/247stiri.ro\/index.php\/wp-json\/wp\/v2\/comments?post=38090"}],"version-history":[{"count":0,"href":"https:\/\/247stiri.ro\/index.php\/wp-json\/wp\/v2\/posts\/38090\/revisions"}],"wp:featuredmedia":[{"embeddable":true,"href":"https:\/\/247stiri.ro\/index.php\/wp-json\/wp\/v2\/media\/38091"}],"wp:attachment":[{"href":"https:\/\/247stiri.ro\/index.php\/wp-json\/wp\/v2\/media?parent=38090"}],"wp:term":[{"taxonomy":"category","embeddable":true,"href":"https:\/\/247stiri.ro\/index.php\/wp-json\/wp\/v2\/categories?post=38090"},{"taxonomy":"post_tag","embeddable":true,"href":"https:\/\/247stiri.ro\/index.php\/wp-json\/wp\/v2\/tags?post=38090"}],"curies":[{"name":"wp","href":"https:\/\/api.w.org\/{rel}","templated":true}]}}