{"id":38100,"date":"2025-03-10T07:46:24","date_gmt":"2025-03-10T07:46:24","guid":{"rendered":"https:\/\/247stiri.ro\/index.php\/2025\/03\/10\/micii-antreprenori-loviti-la-buzunar-plafonul-de-la-care-firmele-devin-platitoare-de-tva-va-creste-de-la-1-aprilie\/"},"modified":"2025-03-10T07:46:24","modified_gmt":"2025-03-10T07:46:24","slug":"micii-antreprenori-loviti-la-buzunar-plafonul-de-la-care-firmele-devin-platitoare-de-tva-va-creste-de-la-1-aprilie","status":"publish","type":"post","link":"https:\/\/247stiri.ro\/index.php\/2025\/03\/10\/micii-antreprenori-loviti-la-buzunar-plafonul-de-la-care-firmele-devin-platitoare-de-tva-va-creste-de-la-1-aprilie\/","title":{"rendered":"Micii antreprenori, lovi\u021bi la buzunar! Plafonul de la care firmele devin pl\u0103titoare de TVA va cre\u0219te de la 1 aprilie"},"content":{"rendered":"<p>Companiile din Rom\u00e2nia vor putea, totodat\u0103, s\u0103 aplice regimul special de scutire pentru firme mici \u00een alte state membre UE, potrivit proiectului de OUG. Aceste vor trebui \u00eens\u0103 s\u0103 \u00eendeplineasc\u0103 urm\u0103toarele c\u00e2teva condi\u021bii.<\/p>\n<p>Prima dintre ele este ca cifra de afaceri anual\u0103 la nivelul Uniunii Europene a respectivei persoane impozabile s\u0103 nu dep\u0103\u0219easc\u0103 100.000 euro \u00een anul \u00een care solicit\u0103 acordarea scutirii \u0219i \u00een anul calendaristic precedent.\u00a0<\/p>\n<p>O alt\u0103 condi\u021bie stipuleaz\u0103 ca valoarea livr\u0103rilor de bunuri \u0219i a prest\u0103rilor de servicii efectuate \u00een statul membru \u00een care persoana impozabil\u0103 inten\u021bioneaz\u0103 s\u0103 aplice scutirea s\u0103 nu dep\u0103\u0219easc\u0103 plafonul de scutire aplicabil persoanelor impozabile stabilite \u00een acel stat membru.\u00a0<\/p>\n<p>Cifra de afaceri anual\u0103 la nivelul Uniunii Europene \u00eenseamn\u0103 valoarea total\u0103 anual\u0103 a livr\u0103rilor de bunuri \u0219i a prest\u0103rilor de servicii, exclusiv TVA, efectuate de o persoan\u0103 impozabil\u0103 pe teritoriul Uniunii Europene \u00een decursul unui an calendaristic.\u00a0<\/p>\n<p>Modific\u0103rile urmeaz\u0103 s\u0103 fie introduse ca urmare a transpunerii unei directive europene ce trebuia, de fapt, transpus\u0103 \u00eenc\u0103 din 2024 \u00een legisla\u021bia na\u021bional\u0103, conform MFP.\u00a0<\/p>\n<p>\u00cen prezent, legisla\u021bia na\u021bional\u0103 \u00een domeniul TVA reglementeaz\u0103 posibilitatea firmelor mici care \u00eenregistreaz\u0103 o cifr\u0103 de afaceri sub plafonul de scutire de TVA de 300.000 lei de a aplica regimul special de scutire. \u00cen cadrul acestui regim, firmele mici nu colecteaz\u0103 TVA pentru livr\u0103rile de bunuri\/prest\u0103rile de servicii efectuate, dar nici nu pot deduce TVA aferent\u0103 achizi\u021biilor.\u00a0<\/p>\n<p>\u00a0<\/p>","protected":false},"excerpt":{"rendered":"<p>Companiile din Rom\u00e2nia vor putea, totodat\u0103, s\u0103 aplice regimul special de scutire pentru firme mici&hellip;<\/p>\n","protected":false},"author":0,"featured_media":0,"comment_status":"open","ping_status":"open","sticky":false,"template":"","format":"standard","meta":{"footnotes":""},"categories":[2],"tags":[],"class_list":["post-38100","post","type-post","status-publish","format-standard","hentry","category-actual"],"_links":{"self":[{"href":"https:\/\/247stiri.ro\/index.php\/wp-json\/wp\/v2\/posts\/38100","targetHints":{"allow":["GET"]}}],"collection":[{"href":"https:\/\/247stiri.ro\/index.php\/wp-json\/wp\/v2\/posts"}],"about":[{"href":"https:\/\/247stiri.ro\/index.php\/wp-json\/wp\/v2\/types\/post"}],"replies":[{"embeddable":true,"href":"https:\/\/247stiri.ro\/index.php\/wp-json\/wp\/v2\/comments?post=38100"}],"version-history":[{"count":0,"href":"https:\/\/247stiri.ro\/index.php\/wp-json\/wp\/v2\/posts\/38100\/revisions"}],"wp:attachment":[{"href":"https:\/\/247stiri.ro\/index.php\/wp-json\/wp\/v2\/media?parent=38100"}],"wp:term":[{"taxonomy":"category","embeddable":true,"href":"https:\/\/247stiri.ro\/index.php\/wp-json\/wp\/v2\/categories?post=38100"},{"taxonomy":"post_tag","embeddable":true,"href":"https:\/\/247stiri.ro\/index.php\/wp-json\/wp\/v2\/tags?post=38100"}],"curies":[{"name":"wp","href":"https:\/\/api.w.org\/{rel}","templated":true}]}}