{"id":38112,"date":"2025-03-10T08:44:48","date_gmt":"2025-03-10T08:44:48","guid":{"rendered":"https:\/\/247stiri.ro\/index.php\/2025\/03\/10\/ipocrizie-maxima-ponta-se-agata-de-amaraciunea-romanilor-poporul-trebuie-sa-aleaga\/"},"modified":"2025-03-10T08:44:48","modified_gmt":"2025-03-10T08:44:48","slug":"ipocrizie-maxima-ponta-se-agata-de-amaraciunea-romanilor-poporul-trebuie-sa-aleaga","status":"publish","type":"post","link":"https:\/\/247stiri.ro\/index.php\/2025\/03\/10\/ipocrizie-maxima-ponta-se-agata-de-amaraciunea-romanilor-poporul-trebuie-sa-aleaga\/","title":{"rendered":"Ipocrizie maxim\u0103! Ponta se aga\u021b\u0103 de am\u0103r\u0103ciunea rom\u00e2nilor: Poporul trebuie s\u0103 aleag\u0103"},"content":{"rendered":"<p>&#8222;Vreau s\u0103 spun foarte clar: este un abuz s\u0103 respingi candidatura oricui, nu doar C\u0103lin Georgescu. \u0218i a mea, Victor Ponta, care \u00eemi voi depune candidatura peste c\u00e2teva zile.<\/p>\n<p>Este un abuz. Trebuie s\u0103 fie l\u0103s\u0103\u021bi to\u021bi candida\u021b\u00eei s\u0103 candideze \u0219i rom\u00e2nii s\u0103 decid\u0103. Nu a\u0219a ii faci loc lui Antonescu \u0219i partidelor tradi\u021bionale.<\/p>\n<p>Nu a\u0219a faci dreptate \u00een Rom\u00e2nia, nu a\u0219a repari democra\u021bia. Sunt convins de acest lucru \u0219i \u00eemi asum, indiferent de riscuri, aceast\u0103 pozi\u021bie&#8221;, a declarat Victor Ponta \u00eentr-un mesaj transmis \u00een mediul online.\u00a0<\/p>\n<p><a title=\"@victorpontaoficial\" href=\"https:\/\/www.tiktok.com\/@victorpontaoficial?refer=embed\" target=\"_blank\">@victorpontaoficial<\/a> UN ABUZ IMPOTRIVA ROMANILOR ! TOTI CANDIDA\u021aII TREBUIE LASATI ! POPORUL DECIDE<a title=\"romaniapeprimulloc\" href=\"https:\/\/www.tiktok.com\/tag\/romaniapeprimulloc?refer=embed\" target=\"_blank\">#romaniapeprimulloc<\/a> <a title=\"\u266c original sound - VictorPontaOficial\" href=\"https:\/\/www.tiktok.com\/music\/original-sound-7479869900446567170?refer=embed\" target=\"_blank\">\u266c original sound &#8211; VictorPontaOficial<\/a><\/p>","protected":false},"excerpt":{"rendered":"<p>&#8222;Vreau s\u0103 spun foarte clar: este un abuz s\u0103 respingi candidatura oricui, nu doar C\u0103lin&hellip;<\/p>\n","protected":false},"author":0,"featured_media":38113,"comment_status":"open","ping_status":"open","sticky":false,"template":"","format":"standard","meta":{"footnotes":""},"categories":[3],"tags":[],"class_list":["post-38112","post","type-post","status-publish","format-standard","has-post-thumbnail","hentry","category-politica"],"_links":{"self":[{"href":"https:\/\/247stiri.ro\/index.php\/wp-json\/wp\/v2\/posts\/38112","targetHints":{"allow":["GET"]}}],"collection":[{"href":"https:\/\/247stiri.ro\/index.php\/wp-json\/wp\/v2\/posts"}],"about":[{"href":"https:\/\/247stiri.ro\/index.php\/wp-json\/wp\/v2\/types\/post"}],"replies":[{"embeddable":true,"href":"https:\/\/247stiri.ro\/index.php\/wp-json\/wp\/v2\/comments?post=38112"}],"version-history":[{"count":0,"href":"https:\/\/247stiri.ro\/index.php\/wp-json\/wp\/v2\/posts\/38112\/revisions"}],"wp:featuredmedia":[{"embeddable":true,"href":"https:\/\/247stiri.ro\/index.php\/wp-json\/wp\/v2\/media\/38113"}],"wp:attachment":[{"href":"https:\/\/247stiri.ro\/index.php\/wp-json\/wp\/v2\/media?parent=38112"}],"wp:term":[{"taxonomy":"category","embeddable":true,"href":"https:\/\/247stiri.ro\/index.php\/wp-json\/wp\/v2\/categories?post=38112"},{"taxonomy":"post_tag","embeddable":true,"href":"https:\/\/247stiri.ro\/index.php\/wp-json\/wp\/v2\/tags?post=38112"}],"curies":[{"name":"wp","href":"https:\/\/api.w.org\/{rel}","templated":true}]}}