{"id":38114,"date":"2025-03-10T08:44:49","date_gmt":"2025-03-10T08:44:49","guid":{"rendered":"https:\/\/247stiri.ro\/index.php\/2025\/03\/10\/lupta-pentru-cotroceni-nu-se-opreste-la-bec-va-reusi-calin-georgescu-sa-intre-in-cursa-pentru-prezidentiale-dupa-declaratia-recenta-a-lui-marian-enache\/"},"modified":"2025-03-10T08:44:49","modified_gmt":"2025-03-10T08:44:49","slug":"lupta-pentru-cotroceni-nu-se-opreste-la-bec-va-reusi-calin-georgescu-sa-intre-in-cursa-pentru-prezidentiale-dupa-declaratia-recenta-a-lui-marian-enache","status":"publish","type":"post","link":"https:\/\/247stiri.ro\/index.php\/2025\/03\/10\/lupta-pentru-cotroceni-nu-se-opreste-la-bec-va-reusi-calin-georgescu-sa-intre-in-cursa-pentru-prezidentiale-dupa-declaratia-recenta-a-lui-marian-enache\/","title":{"rendered":"Lupta pentru Cotroceni NU se opre\u0219te la BEC. Va reu\u0219i C\u0103lin Georgescu s\u0103 intre \u00een cursa pentru preziden\u021biale dup\u0103 declara\u021bia recent\u0103 a lui Marian Enache"},"content":{"rendered":"<p>Din informa\u021biile Realitatea PLUS, C\u0103lin Georgescu se va \u00eent\u00e2lni ast\u0103zi cu echipa de avoca\u021bi. \u00cempreun\u0103 vor stabili strategia pentru contestarea acestei decizii a Biroului Eelectoral Central la Curtea Constitu\u021bional\u0103 a Rom\u00e2niei.\u00a0<\/p>\n<p>De fapt, de-acum \u00eencolo \u00eencepe adev\u0103ratul r\u0103zboi pentru c\u0103 CCR &#8211; prin vocea lui Marian Enache, pre\u0219edintele acestei institu\u021bii &#8211; a dat semnale c\u0103 ar preg\u0103ti blocalrea candidaturii lui C\u0103lin Georgescu.\u00a0<\/p>\n<p><a href=\"https:\/\/www.realitatea.net\/stiri\/politica\/calin-georgescu-se-intalneste-astazi-cu-george-simion-se-stabileste-strategia-dupa-invalidarea-candidaturii-de-catre-bec_67ce871b95726b526b2c52c2#google_vignette\" target=\"_blank\">C\u0103lin Georgescu se \u00eent\u00e2lne\u0219te, ast\u0103zi, cu George Simion. Se stabile\u0219te strategia dup\u0103 invalidarea candidaturii de c\u0103tre BEC<\/a><\/p>","protected":false},"excerpt":{"rendered":"<p>Din informa\u021biile Realitatea PLUS, C\u0103lin Georgescu se va \u00eent\u00e2lni ast\u0103zi cu echipa de avoca\u021bi. \u00cempreun\u0103&hellip;<\/p>\n","protected":false},"author":0,"featured_media":38115,"comment_status":"open","ping_status":"open","sticky":false,"template":"","format":"standard","meta":{"footnotes":""},"categories":[3],"tags":[],"class_list":["post-38114","post","type-post","status-publish","format-standard","has-post-thumbnail","hentry","category-politica"],"_links":{"self":[{"href":"https:\/\/247stiri.ro\/index.php\/wp-json\/wp\/v2\/posts\/38114","targetHints":{"allow":["GET"]}}],"collection":[{"href":"https:\/\/247stiri.ro\/index.php\/wp-json\/wp\/v2\/posts"}],"about":[{"href":"https:\/\/247stiri.ro\/index.php\/wp-json\/wp\/v2\/types\/post"}],"replies":[{"embeddable":true,"href":"https:\/\/247stiri.ro\/index.php\/wp-json\/wp\/v2\/comments?post=38114"}],"version-history":[{"count":0,"href":"https:\/\/247stiri.ro\/index.php\/wp-json\/wp\/v2\/posts\/38114\/revisions"}],"wp:featuredmedia":[{"embeddable":true,"href":"https:\/\/247stiri.ro\/index.php\/wp-json\/wp\/v2\/media\/38115"}],"wp:attachment":[{"href":"https:\/\/247stiri.ro\/index.php\/wp-json\/wp\/v2\/media?parent=38114"}],"wp:term":[{"taxonomy":"category","embeddable":true,"href":"https:\/\/247stiri.ro\/index.php\/wp-json\/wp\/v2\/categories?post=38114"},{"taxonomy":"post_tag","embeddable":true,"href":"https:\/\/247stiri.ro\/index.php\/wp-json\/wp\/v2\/tags?post=38114"}],"curies":[{"name":"wp","href":"https:\/\/api.w.org\/{rel}","templated":true}]}}