{"id":38116,"date":"2025-03-10T08:44:50","date_gmt":"2025-03-10T08:44:50","guid":{"rendered":"https:\/\/247stiri.ro\/index.php\/2025\/03\/10\/politia-romana-primele-concluzii-din-ancheta-protestelor-violente-care-au-avut-loc-duminica-seara-in-centrul-vechi-al-capitalei\/"},"modified":"2025-03-10T08:44:50","modified_gmt":"2025-03-10T08:44:50","slug":"politia-romana-primele-concluzii-din-ancheta-protestelor-violente-care-au-avut-loc-duminica-seara-in-centrul-vechi-al-capitalei","status":"publish","type":"post","link":"https:\/\/247stiri.ro\/index.php\/2025\/03\/10\/politia-romana-primele-concluzii-din-ancheta-protestelor-violente-care-au-avut-loc-duminica-seara-in-centrul-vechi-al-capitalei\/","title":{"rendered":"Poli\u021bia Rom\u00e2n\u0103, primele concluzii din ancheta protestelor violente care au avut loc duminic\u0103 sear\u0103, \u00een Centrul Vechi al Capitalei"},"content":{"rendered":"<p>\u201dAu fost aplicate 8 scanc\u021biuni contraven\u021bionale \u00een valoare de 3.200 de lei pentru \u00eenc\u0103lcarea legilor \u00een vigoare. Subliniem faptul c\u0103 este regretabil \u0219i \u00eengrijor\u0103tor modul \u00een care persoanele au \u00een\u021beles s\u0103 \u00ee\u0219i exercite dreptul la libera exprimare \u0219i au decis s\u0103 recurg\u0103 la asemenea violen\u021be \u0219i totodat\u0103, distrug\u00e2nd \u0219i mediul ambiant din centrul istoric al Capitalei, geamuri ale unor societ\u0103\u021bi comerciale, distrugere de mobilier stradal \u0219i pavaj pietonal \u0219i incendierea de pubele de gunoi.\u00a0<\/p>\n<p>De asemenea, un autoturism, apar\u021bin\u00e2nd unui post de televiziune, a fost avariat. \u00cen aceste situa\u021bii, poli\u021bi\u0219ti din cadrul Direc\u021biei Generale de Poli\u021bie Local\u0103 a Municipiului Bucure\u0219ti au \u00eentocmit din oficiu un dosar de cercetare penal\u0103 sub aspectul s\u0103v\u00e2r\u0219irii infrac\u021biunii de distugere.\u00a0<\/p>\n<p>Jandarmeria Rom\u00e2n\u0103 \u0219i Poli\u021bia Rom\u00e2n\u0103 condamn\u0103 ferm orice form\u0103 de violen\u021b\u0103. For\u021bele de ordine nu au dat curs provoc\u0103rilor, au avut o atitudine proactiv\u0103 \u0219i au \u00eencercat \u00een fiecare moment s\u0103 detensioneze situa\u021bia prin mijloacele preventive.\u00a0Dreptul la libera exprimare este un drept fundamental al fiec\u0103rui cet\u0103\u021bean, \u00eens\u0103 acesta trebuie exercitat \u00een limitele legii \u0219i cu respect fa\u021b\u0103 de ordinea \u0219i siguran\u021ba public\u0103.<\/p>\n<p>Pe aceast\u0103 cale, facem apel c\u0103tre reprezentan\u021bii mass-media, ai societ\u0103\u021bii civile \u0219i agen\u021bii comerciali din zon\u0103 s\u0103 ne sprijine prin furnizarea de imagini din spa\u021biul public care s\u0103 ne ajute la identificarea tuturor persoanelor care au comis acte ilegale.<\/p>\n<p>Imaginile pot fi furnizate pe adresa spcfa@jandarmeriabucuresti.eu, pentru a fi analizate de structurile de specialitate din cadrul Jandarmeriei Capitalei \u00een vederea punerii la dispozi\u021bia organelor abilitate\u201d, au transmis reprezetan\u021bii Poli\u021biei Rom\u00e2ne.\u00a0<\/p>","protected":false},"excerpt":{"rendered":"<p>\u201dAu fost aplicate 8 scanc\u021biuni contraven\u021bionale \u00een valoare de 3.200 de lei pentru \u00eenc\u0103lcarea legilor&hellip;<\/p>\n","protected":false},"author":0,"featured_media":38117,"comment_status":"open","ping_status":"open","sticky":false,"template":"","format":"standard","meta":{"footnotes":""},"categories":[2],"tags":[],"class_list":["post-38116","post","type-post","status-publish","format-standard","has-post-thumbnail","hentry","category-actual"],"_links":{"self":[{"href":"https:\/\/247stiri.ro\/index.php\/wp-json\/wp\/v2\/posts\/38116","targetHints":{"allow":["GET"]}}],"collection":[{"href":"https:\/\/247stiri.ro\/index.php\/wp-json\/wp\/v2\/posts"}],"about":[{"href":"https:\/\/247stiri.ro\/index.php\/wp-json\/wp\/v2\/types\/post"}],"replies":[{"embeddable":true,"href":"https:\/\/247stiri.ro\/index.php\/wp-json\/wp\/v2\/comments?post=38116"}],"version-history":[{"count":0,"href":"https:\/\/247stiri.ro\/index.php\/wp-json\/wp\/v2\/posts\/38116\/revisions"}],"wp:featuredmedia":[{"embeddable":true,"href":"https:\/\/247stiri.ro\/index.php\/wp-json\/wp\/v2\/media\/38117"}],"wp:attachment":[{"href":"https:\/\/247stiri.ro\/index.php\/wp-json\/wp\/v2\/media?parent=38116"}],"wp:term":[{"taxonomy":"category","embeddable":true,"href":"https:\/\/247stiri.ro\/index.php\/wp-json\/wp\/v2\/categories?post=38116"},{"taxonomy":"post_tag","embeddable":true,"href":"https:\/\/247stiri.ro\/index.php\/wp-json\/wp\/v2\/tags?post=38116"}],"curies":[{"name":"wp","href":"https:\/\/api.w.org\/{rel}","templated":true}]}}