{"id":38119,"date":"2025-03-10T08:44:51","date_gmt":"2025-03-10T08:44:51","guid":{"rendered":"https:\/\/247stiri.ro\/index.php\/2025\/03\/10\/scandal-cu-cutite-in-plina-strada-la-cluj-3-tineri-sunt-cercetati-unul-pentru-tentativa-de-omor\/"},"modified":"2025-03-10T08:44:51","modified_gmt":"2025-03-10T08:44:51","slug":"scandal-cu-cutite-in-plina-strada-la-cluj-3-tineri-sunt-cercetati-unul-pentru-tentativa-de-omor","status":"publish","type":"post","link":"https:\/\/247stiri.ro\/index.php\/2025\/03\/10\/scandal-cu-cutite-in-plina-strada-la-cluj-3-tineri-sunt-cercetati-unul-pentru-tentativa-de-omor\/","title":{"rendered":"Scandal cu cu\u021bite \u00een plin\u0103 strad\u0103, la Cluj! 3 tineri sunt cerceta\u021bi, unul pentru tentativ\u0103 de omor"},"content":{"rendered":"<p>Trei tineri din Cluj-Napoca sunt cerceta\u021bi de poli\u021bi\u0219ti dup\u0103 un conflict violent izbucnit pe 8 martie, \u00een plin\u0103 strad\u0103.<\/p>\n<p>Conflictul ar fi debutat spontan \u00eentre patru adolescen\u021bi cu v\u00e2rste \u00eentre 14 \u0219i 18 ani pe o strad\u0103 din municipiu, unde ace\u0219tia s-ar fi agresat reciproc. Alterca\u021bia a continuat c\u00e2teva ore mai t\u00e2rziu, doi dintre tineri recurg\u00e2nd la obiecte t\u0103ietor-\u00een\u021bep\u0103toare, au transmis poli\u021bi\u0219tii clujeni.<\/p>\n<p>\u00cen urma incidentului, trei persoane au avut nevoie de \u00eengrijiri medicale.<\/p>\n<p>O zi mai t\u00e2rziu, respectiv pe 9 martie, trei dintre cei implica\u021bi \u2013 \u00een v\u00e2rst\u0103 de 14, 15 \u0219i 18 ani \u2013 au fost prezenta\u021bi judec\u0103torului de drepturi \u0219i libert\u0103\u021bi din cadrul Parchetului de pe l\u00e2ng\u0103 Tribunalul Cluj.<\/p>\n<p>Pentru cei doi minori, de 14 \u0219i 15 ani, a fost dispus\u0103 m\u0103sura controlului judiciar pentru 60 de zile. \u00cen cazul t\u00e2n\u0103rului de 18 ani, instan\u021ba a decis arestarea preventiv\u0103 pentru 30 de zile, iar \u00eencadrarea juridic\u0103 a faptei a fost schimbat\u0103 \u00een tentativ\u0103 de omor.<\/p>\n<p>Ac\u021biunea poli\u021bi\u0219tilor a beneficiat de sprijinul Serviciului Criminalistic \u0219i al lupt\u0103torilor din cadrul Serviciului pentru Ac\u021biuni Speciale.<\/p>\n<p>Cercet\u0103rile sunt \u00een desf\u0103\u0219urare, sub coordonarea procurorilor de la Parchetul de pe l\u00e2ng\u0103 Tribunalul Cluj.<\/p>","protected":false},"excerpt":{"rendered":"<p>Trei tineri din Cluj-Napoca sunt cerceta\u021bi de poli\u021bi\u0219ti dup\u0103 un conflict violent izbucnit pe 8&hellip;<\/p>\n","protected":false},"author":0,"featured_media":38120,"comment_status":"open","ping_status":"open","sticky":false,"template":"","format":"standard","meta":{"footnotes":""},"categories":[2],"tags":[],"class_list":["post-38119","post","type-post","status-publish","format-standard","has-post-thumbnail","hentry","category-actual"],"_links":{"self":[{"href":"https:\/\/247stiri.ro\/index.php\/wp-json\/wp\/v2\/posts\/38119","targetHints":{"allow":["GET"]}}],"collection":[{"href":"https:\/\/247stiri.ro\/index.php\/wp-json\/wp\/v2\/posts"}],"about":[{"href":"https:\/\/247stiri.ro\/index.php\/wp-json\/wp\/v2\/types\/post"}],"replies":[{"embeddable":true,"href":"https:\/\/247stiri.ro\/index.php\/wp-json\/wp\/v2\/comments?post=38119"}],"version-history":[{"count":0,"href":"https:\/\/247stiri.ro\/index.php\/wp-json\/wp\/v2\/posts\/38119\/revisions"}],"wp:featuredmedia":[{"embeddable":true,"href":"https:\/\/247stiri.ro\/index.php\/wp-json\/wp\/v2\/media\/38120"}],"wp:attachment":[{"href":"https:\/\/247stiri.ro\/index.php\/wp-json\/wp\/v2\/media?parent=38119"}],"wp:term":[{"taxonomy":"category","embeddable":true,"href":"https:\/\/247stiri.ro\/index.php\/wp-json\/wp\/v2\/categories?post=38119"},{"taxonomy":"post_tag","embeddable":true,"href":"https:\/\/247stiri.ro\/index.php\/wp-json\/wp\/v2\/tags?post=38119"}],"curies":[{"name":"wp","href":"https:\/\/api.w.org\/{rel}","templated":true}]}}