{"id":38122,"date":"2025-03-10T08:44:52","date_gmt":"2025-03-10T08:44:52","guid":{"rendered":"https:\/\/247stiri.ro\/index.php\/2025\/03\/10\/mae-atentionare-de-calatorie-pentru-germania-traficul-aerian-afectat-de-o-serie-de-greve-fara-precedent\/"},"modified":"2025-03-10T08:44:52","modified_gmt":"2025-03-10T08:44:52","slug":"mae-atentionare-de-calatorie-pentru-germania-traficul-aerian-afectat-de-o-serie-de-greve-fara-precedent","status":"publish","type":"post","link":"https:\/\/247stiri.ro\/index.php\/2025\/03\/10\/mae-atentionare-de-calatorie-pentru-germania-traficul-aerian-afectat-de-o-serie-de-greve-fara-precedent\/","title":{"rendered":"MAE, aten\u021bionare de c\u0103l\u0103torie pentru Germania. Traficul aerian, afectat de o serie de greve f\u0103r\u0103 precedent"},"content":{"rendered":"<p>Traficul aerian pe mai multe aeroporturi din aceast\u0103 \u021bar\u0103 va fi afectat de o serie de greve f\u0103r\u0103 precedent organizate de personalul din sectorul public, dar \u0219i cel de securitate.\u00a0<\/p>\n<p>\u201dMinisterul Afacerilor Externe (MAE) informeaz\u0103 cet\u0103\u0163enii rom\u00e2ni care se afl\u0103, tranziteaz\u0103 sau inten\u0163ioneaz\u0103 s\u0103 c\u0103l\u0103toreasc\u0103 \u00een Republica Federal\u0103 Germania c\u0103 luni, 10 martie 2025, vor fi organizate greve ale personalului din sectorul public, precum \u015fi ale personalului de securitate din aeroporturile germane. Astfel, aceste greve vor afecta transportul aerian pe aeroporturile din: M\u00fcnchen, Hamburg, Stuttgart, Frankfurt\/Main, Berlin-Brandenburg, K\u00f6ln-Bonn, D\u00fcsseldorf, Dortmund, Hanovra, Bremen, Leipzig-Halle, Weeze (D\u00fcsseldorf) \u015fi Karlsruhe\/Baden-Baden. Potrivit sursei citate, cursele aeriene vor \u00eenregistra \u00eent\u00e2rzieri\u201d, a transmis<a href=\"https:\/\/www.realitatea.net\/stiri\/actual\/doi-diplomati-rusi-declarati-persona-non-grata-pe-teritoriul-romaniei-anuntul-de-ultima-ora-al-mae_67c85f8ae410211253350e82\" target=\"_blank\"> MAE<\/a> printr-un comunicat de pres\u0103.\u00a0<\/p>\n<p>Potrivit reprezentan\u021bilor acestei institu\u021bii, cursele aeriene operate pe aceste aeroporturi vor \u00eenregistra \u00eent\u00e2rzieri.<\/p>\n<p>Pentru informa\u0163ii suplimentare, cet\u0103\u0163enii rom\u00e2ni interesa\u0163i pot accesa paginile de Internet: https:\/\/www.munich-airport.de\/, https:\/\/www.hamburg.de\/flughafen\/, https:\/\/www.frankfurt-airport.com\/de.html, https:\/\/ber.berlin-airport.de\/de.html, \u00a0https:\/\/www.koeln-bonn-airport.de\/, \u00a0https:\/\/www.dus.com\/de-de, \u00a0https:\/\/www.stuttgart-airport.com\/, https:\/\/www.dortmund-airport.de, https:\/\/www.hannover-airport.de \/, https:\/\/www.bremen-airport.com\/, https:\/\/www.mdf-ag.com\/, https:\/\/airport-weeze.com\/, https:\/\/www.baden-airpark.de\/ .<\/p>\n<p>Cet\u0103\u0163enii rom\u00e2ni pot solicita asisten\u0163\u0103 consular\u0103 la numerele de telefon ale misiunii diplomatice \u015fi oficiilor consulare ale Rom\u00e2niei din Republica Federal\u0103 Germania, la Berlin: + 493021239555, +493021239514, +493021239516; la Bonn: +492286838135; +492286838211; +492286838244; +492286838254; la M\u00fcnchen: +4989553307 sau +498998106143 \u015fi la Stuttgart: +497116648611, +497116648612, +497116648613, +497116648614, +497116648615, apelurile fiind redirec\u0163ionate c\u0103tre Centrul de Contact \u015fi Suport al Cet\u0103\u0163enilor Rom\u00e2ni din Str\u0103in\u0103tate (CCSCRS) \u015fi preluate de c\u0103tre operatorii Call Center \u00een regim de permanen\u0163\u0103.\u00a0De asemenea, cet\u0103\u0163enii rom\u00e2ni care se confrunt\u0103 cu o situa\u0163ie dificil\u0103, special\u0103, cu caracter de urgen\u0163\u0103, au la dispozi\u0163ie telefoanele de urgen\u0163\u0103 ale misiunii diplomatice\/ oficiilor comsulare ale Rom\u00e2niei din Republica Federal\u0103 Germania, respectiv: Ambasada Rom\u00e2niei la Berlin: +491601579938, Consulatul General al Rom\u00e2niei la Bonn: +491735757585, Consulatul General al Rom\u00e2niei M\u00fcnchen: +491602087789 \u015fi Consulatul General al Rom\u00e2niei Stuttgart: +491716813450.<\/p>\n<p>MAE recomand\u0103 consultarea paginilor de Internet: https:\/\/berlin.mae.ro, https:\/\/bonn.mae.ro, https:\/\/munchen.mae.ro, https:\/\/stuttgart.mae.ro \u015fi https:\/\/www.mae.ro.<\/p>\n<p>\u00a0<\/p>","protected":false},"excerpt":{"rendered":"<p>Traficul aerian pe mai multe aeroporturi din aceast\u0103 \u021bar\u0103 va fi afectat de o serie&hellip;<\/p>\n","protected":false},"author":0,"featured_media":38109,"comment_status":"open","ping_status":"open","sticky":false,"template":"","format":"standard","meta":{"footnotes":""},"categories":[2],"tags":[],"class_list":["post-38122","post","type-post","status-publish","format-standard","has-post-thumbnail","hentry","category-actual"],"_links":{"self":[{"href":"https:\/\/247stiri.ro\/index.php\/wp-json\/wp\/v2\/posts\/38122","targetHints":{"allow":["GET"]}}],"collection":[{"href":"https:\/\/247stiri.ro\/index.php\/wp-json\/wp\/v2\/posts"}],"about":[{"href":"https:\/\/247stiri.ro\/index.php\/wp-json\/wp\/v2\/types\/post"}],"replies":[{"embeddable":true,"href":"https:\/\/247stiri.ro\/index.php\/wp-json\/wp\/v2\/comments?post=38122"}],"version-history":[{"count":0,"href":"https:\/\/247stiri.ro\/index.php\/wp-json\/wp\/v2\/posts\/38122\/revisions"}],"wp:featuredmedia":[{"embeddable":true,"href":"https:\/\/247stiri.ro\/index.php\/wp-json\/wp\/v2\/media\/38109"}],"wp:attachment":[{"href":"https:\/\/247stiri.ro\/index.php\/wp-json\/wp\/v2\/media?parent=38122"}],"wp:term":[{"taxonomy":"category","embeddable":true,"href":"https:\/\/247stiri.ro\/index.php\/wp-json\/wp\/v2\/categories?post=38122"},{"taxonomy":"post_tag","embeddable":true,"href":"https:\/\/247stiri.ro\/index.php\/wp-json\/wp\/v2\/tags?post=38122"}],"curies":[{"name":"wp","href":"https:\/\/api.w.org\/{rel}","templated":true}]}}