{"id":38149,"date":"2025-03-10T10:45:01","date_gmt":"2025-03-10T10:45:01","guid":{"rendered":"https:\/\/247stiri.ro\/index.php\/2025\/03\/10\/simion-si-gavrila-anunt-exploziv-dupa-intalnirea-cu-calin-georgescu-suveranistii-suna-mobilizarea-trebuie-sa-ramanem-uniti\/"},"modified":"2025-03-10T10:45:01","modified_gmt":"2025-03-10T10:45:01","slug":"simion-si-gavrila-anunt-exploziv-dupa-intalnirea-cu-calin-georgescu-suveranistii-suna-mobilizarea-trebuie-sa-ramanem-uniti","status":"publish","type":"post","link":"https:\/\/247stiri.ro\/index.php\/2025\/03\/10\/simion-si-gavrila-anunt-exploziv-dupa-intalnirea-cu-calin-georgescu-suveranistii-suna-mobilizarea-trebuie-sa-ramanem-uniti\/","title":{"rendered":"Simion \u0219i Gavril\u0103, anun\u021b exploziv dup\u0103 \u00eent\u00e2lnirea cu C\u0103lin Georgescu: suverani\u0219tii sun\u0103 mobilizarea &#8211; &#8222;Trebuie s\u0103 r\u0103m\u00e2nem uni\u021bi!&#8221;"},"content":{"rendered":"<p>Dup\u0103 protestele de noaptea trecut\u0103, C\u0103lin Georgescu a f\u0103cut din nou apel la pace. George Simion spune c\u0103 urmeaz\u0103 c\u00e2teva zile de foc \u0219i \u00eendeamn\u0103 ca electoratul s\u0103 fie unit \u00een fa\u021ba acestei noi provoc\u0103ri. La fel \u0219i Ana Maria Gavril\u0103, care \u00eendeamn\u0103 oamenii s\u0103 posteze chiar \u0219i anonim poze sau filmule\u021be cu tot ce apare ilegal \u00een mediul online.\u00a0<\/p>\n<p>&#8222;Garantat C\u0103lin Georgescu va ajunge \u00een conducerea \u021b\u0103rii. Urm\u0103toarele 48 de ore sunt cruciale, trebuie s\u0103 st\u0103m uni\u021bi, s\u0103 fim aler\u021bi, dar calmi, panici. S-a realizat trezirea \u00een con\u0219tiin\u021b\u0103 a poporului rom\u00e2n. Timpul lor a trecut. Trebuie s\u0103 lase poporul rom\u00e2n s\u0103-\u0219i hot\u0103rasc\u0103 singur soarta. S\u0103 avem \u00eencredere \u00een C\u0103lin Georgescu. Mergem \u00een echip\u0103 \u00eempreun\u0103 p\u00e2n\u0103 la cap\u0103t&#8221;, a declarat George Simion, dup\u0103 \u00eent\u00e2lnirea cu C\u0103lin Georgescu.\u00a0<\/p>\n\n<p>&#8222;E momentul s\u0103 lupt\u0103m \u0219i s\u0103 ripost\u0103m&#8221;, a spus Ana Maria Gavril\u0103.<\/p>\n\n<p>\u00a0<\/p>","protected":false},"excerpt":{"rendered":"<p>Dup\u0103 protestele de noaptea trecut\u0103, C\u0103lin Georgescu a f\u0103cut din nou apel la pace. George&hellip;<\/p>\n","protected":false},"author":0,"featured_media":38150,"comment_status":"open","ping_status":"open","sticky":false,"template":"","format":"standard","meta":{"footnotes":""},"categories":[3],"tags":[],"class_list":["post-38149","post","type-post","status-publish","format-standard","has-post-thumbnail","hentry","category-politica"],"_links":{"self":[{"href":"https:\/\/247stiri.ro\/index.php\/wp-json\/wp\/v2\/posts\/38149","targetHints":{"allow":["GET"]}}],"collection":[{"href":"https:\/\/247stiri.ro\/index.php\/wp-json\/wp\/v2\/posts"}],"about":[{"href":"https:\/\/247stiri.ro\/index.php\/wp-json\/wp\/v2\/types\/post"}],"replies":[{"embeddable":true,"href":"https:\/\/247stiri.ro\/index.php\/wp-json\/wp\/v2\/comments?post=38149"}],"version-history":[{"count":0,"href":"https:\/\/247stiri.ro\/index.php\/wp-json\/wp\/v2\/posts\/38149\/revisions"}],"wp:featuredmedia":[{"embeddable":true,"href":"https:\/\/247stiri.ro\/index.php\/wp-json\/wp\/v2\/media\/38150"}],"wp:attachment":[{"href":"https:\/\/247stiri.ro\/index.php\/wp-json\/wp\/v2\/media?parent=38149"}],"wp:term":[{"taxonomy":"category","embeddable":true,"href":"https:\/\/247stiri.ro\/index.php\/wp-json\/wp\/v2\/categories?post=38149"},{"taxonomy":"post_tag","embeddable":true,"href":"https:\/\/247stiri.ro\/index.php\/wp-json\/wp\/v2\/tags?post=38149"}],"curies":[{"name":"wp","href":"https:\/\/api.w.org\/{rel}","templated":true}]}}