{"id":38152,"date":"2025-03-10T10:45:03","date_gmt":"2025-03-10T10:45:03","guid":{"rendered":"https:\/\/247stiri.ro\/index.php\/2025\/03\/10\/noi-informatii-de-la-vatican-privind-starea-de-sanatate-a-papei-francisc-a-petrecut-o-noapte-linistita-si-se-odihneste\/"},"modified":"2025-03-10T10:45:03","modified_gmt":"2025-03-10T10:45:03","slug":"noi-informatii-de-la-vatican-privind-starea-de-sanatate-a-papei-francisc-a-petrecut-o-noapte-linistita-si-se-odihneste","status":"publish","type":"post","link":"https:\/\/247stiri.ro\/index.php\/2025\/03\/10\/noi-informatii-de-la-vatican-privind-starea-de-sanatate-a-papei-francisc-a-petrecut-o-noapte-linistita-si-se-odihneste\/","title":{"rendered":"Noi informa\u021bii de la Vatican privind starea de s\u0103n\u0103tate a Papei Francisc. \u201dA petrecut o noapte lini\u015ftit\u0103 \u015fi se odihne\u015fte\u201d"},"content":{"rendered":"<p>\u201dPapa a petrecut o noapte lini\u015ftit\u0103 \u015fi se odihne\u015fte\u201d, potrivit buletinului de s\u0103n\u0103tate al Vaticanului publicat luni diminea\u021b\u0103.\u00a0Duminic\u0103, \u0219eful Bisericii Catolice a transmis un text scris pentru rug\u0103ciunea Angelus \u00een care a mul\u0163umit celor care se ofer\u0103 voluntari pentru a ajuta persoanele aflate \u00een nevoie, l\u0103ud\u00e2ndu-le \u201eapropierea \u015fi tandre\u0163ea\u201d.<\/p>\n<p>\u201d\u015ei eu am experimentat grija \u015fi bl\u00e2nde\u0163ea \u00eengrijirii, \u00een special din partea medicilor \u015fi a personalului medical, c\u0103rora le mul\u0163umesc din inim\u0103\u201d, a spus sf\u00e2ntul p\u0103rinte.\u00a0<\/p>\n<p>\u00cen v\u00e2rst\u0103 de 88 de ani, <a href=\"https:\/\/www.realitatea.net\/stiri\/actual\/papa-francisc-mesaj-de-pe-patul-de-spital-avem-nevoie-de-miracolul-tandretii-care-ii-insoteste-pe-cei-aflati-la-grea-incercare_67cdb97c8c5b7e341254f4c2\" target=\"_blank\">Papa Francisc<\/a>, pe numele s\u0103u real Jorge Bergoglio, a suferit de-a lungul timpului, o serie de probleme de s\u0103n\u0103tate, de la o opera\u0163ie la colon \u00een 2021 la o hernie \u00een 2023, dar aceasta este cea mai lung\u0103 \u015fi mai grav\u0103 spitalizare din pontificatul s\u0103u.<\/p>","protected":false},"excerpt":{"rendered":"<p>\u201dPapa a petrecut o noapte lini\u015ftit\u0103 \u015fi se odihne\u015fte\u201d, potrivit buletinului de s\u0103n\u0103tate al Vaticanului&hellip;<\/p>\n","protected":false},"author":0,"featured_media":38146,"comment_status":"open","ping_status":"open","sticky":false,"template":"","format":"standard","meta":{"footnotes":""},"categories":[2],"tags":[],"class_list":["post-38152","post","type-post","status-publish","format-standard","has-post-thumbnail","hentry","category-actual"],"_links":{"self":[{"href":"https:\/\/247stiri.ro\/index.php\/wp-json\/wp\/v2\/posts\/38152","targetHints":{"allow":["GET"]}}],"collection":[{"href":"https:\/\/247stiri.ro\/index.php\/wp-json\/wp\/v2\/posts"}],"about":[{"href":"https:\/\/247stiri.ro\/index.php\/wp-json\/wp\/v2\/types\/post"}],"replies":[{"embeddable":true,"href":"https:\/\/247stiri.ro\/index.php\/wp-json\/wp\/v2\/comments?post=38152"}],"version-history":[{"count":0,"href":"https:\/\/247stiri.ro\/index.php\/wp-json\/wp\/v2\/posts\/38152\/revisions"}],"wp:featuredmedia":[{"embeddable":true,"href":"https:\/\/247stiri.ro\/index.php\/wp-json\/wp\/v2\/media\/38146"}],"wp:attachment":[{"href":"https:\/\/247stiri.ro\/index.php\/wp-json\/wp\/v2\/media?parent=38152"}],"wp:term":[{"taxonomy":"category","embeddable":true,"href":"https:\/\/247stiri.ro\/index.php\/wp-json\/wp\/v2\/categories?post=38152"},{"taxonomy":"post_tag","embeddable":true,"href":"https:\/\/247stiri.ro\/index.php\/wp-json\/wp\/v2\/tags?post=38152"}],"curies":[{"name":"wp","href":"https:\/\/api.w.org\/{rel}","templated":true}]}}