{"id":38155,"date":"2025-03-10T10:45:03","date_gmt":"2025-03-10T10:45:03","guid":{"rendered":"https:\/\/247stiri.ro\/index.php\/2025\/03\/10\/serbia-a-primit-un-imprumut-de-160-de-milioane-de-dolari-de-la-banca-mondiala-pentru-tranzitia-verde\/"},"modified":"2025-03-10T10:45:03","modified_gmt":"2025-03-10T10:45:03","slug":"serbia-a-primit-un-imprumut-de-160-de-milioane-de-dolari-de-la-banca-mondiala-pentru-tranzitia-verde","status":"publish","type":"post","link":"https:\/\/247stiri.ro\/index.php\/2025\/03\/10\/serbia-a-primit-un-imprumut-de-160-de-milioane-de-dolari-de-la-banca-mondiala-pentru-tranzitia-verde\/","title":{"rendered":"Serbia a primit un \u00eemprumut de 160 de milioane de dolari de la Banca Mondial\u0103 pentru tranzi\u0163ia verde"},"content":{"rendered":"<p>Al doilea \u00eemprumut pentru politica de dezvoltare privind tranzi\u0163ia verde se bazeaz\u0103 pe un \u00eemprumut de 150 de milioane de euro aprobat de Banca Mondial\u0103 \u00een 2023 pentru a sprijini eforturile Serbiei de a sistematiza etichetarea bugetului ecologic \u015fi de gen.<\/p>\n<p>\u201eAcest al doilea \u00eemprumut subliniaz\u0103 angajamentul autorit\u0103\u0163ilor de a diversifica sectorul energetic \u015fi de a alinia cadrele de mediu, legale \u015fi de reglementare cu cele ale UE\u201d, a declarat Nicola Pontara, director de \u0163ar\u0103 al B\u0103ncii Mondiale pentru Serbia.<\/p>\n<p>\u00cen cadrul programului, Serbia este de asemenea a\u015fteptat\u0103 s\u0103 stimuleze energia regenerabil\u0103 pentru a reduce emisiile de gaze cu efect de ser\u0103.<\/p>\n<p>La fel ca \u015fi \u00een cazul primului \u00eemprumut pentru politica de dezvoltare programatic\u0103 pentru tranzi\u0163ie verde, Serbia este de a\u015fteptat s\u0103 mobilizeze o finan\u0163are paralel\u0103 de la Agen\u0163ia Francez\u0103 de Dezvoltare (AFD) \u015fi de la Banca German\u0103 de Dezvoltare (KfW) pentru a sprijini reformele, a anun\u0163at Banca Mondial\u0103. Pentru prima parte a programului, Serbia a asigurat, \u00een 2023, 135 de milioane de euro de la AFD \u015fi 105 de milioane de euro de la KfW.<\/p>","protected":false},"excerpt":{"rendered":"<p>Al doilea \u00eemprumut pentru politica de dezvoltare privind tranzi\u0163ia verde se bazeaz\u0103 pe un \u00eemprumut&hellip;<\/p>\n","protected":false},"author":0,"featured_media":38148,"comment_status":"open","ping_status":"open","sticky":false,"template":"","format":"standard","meta":{"footnotes":""},"categories":[2],"tags":[],"class_list":["post-38155","post","type-post","status-publish","format-standard","has-post-thumbnail","hentry","category-actual"],"_links":{"self":[{"href":"https:\/\/247stiri.ro\/index.php\/wp-json\/wp\/v2\/posts\/38155","targetHints":{"allow":["GET"]}}],"collection":[{"href":"https:\/\/247stiri.ro\/index.php\/wp-json\/wp\/v2\/posts"}],"about":[{"href":"https:\/\/247stiri.ro\/index.php\/wp-json\/wp\/v2\/types\/post"}],"replies":[{"embeddable":true,"href":"https:\/\/247stiri.ro\/index.php\/wp-json\/wp\/v2\/comments?post=38155"}],"version-history":[{"count":0,"href":"https:\/\/247stiri.ro\/index.php\/wp-json\/wp\/v2\/posts\/38155\/revisions"}],"wp:featuredmedia":[{"embeddable":true,"href":"https:\/\/247stiri.ro\/index.php\/wp-json\/wp\/v2\/media\/38148"}],"wp:attachment":[{"href":"https:\/\/247stiri.ro\/index.php\/wp-json\/wp\/v2\/media?parent=38155"}],"wp:term":[{"taxonomy":"category","embeddable":true,"href":"https:\/\/247stiri.ro\/index.php\/wp-json\/wp\/v2\/categories?post=38155"},{"taxonomy":"post_tag","embeddable":true,"href":"https:\/\/247stiri.ro\/index.php\/wp-json\/wp\/v2\/tags?post=38155"}],"curies":[{"name":"wp","href":"https:\/\/api.w.org\/{rel}","templated":true}]}}