{"id":38156,"date":"2025-03-10T10:45:04","date_gmt":"2025-03-10T10:45:04","guid":{"rendered":"https:\/\/247stiri.ro\/index.php\/2025\/03\/10\/curatenia-de-primavara-din-sectorul-4-a-demarat-cu-pasajul-europa-unita\/"},"modified":"2025-03-10T10:45:04","modified_gmt":"2025-03-10T10:45:04","slug":"curatenia-de-primavara-din-sectorul-4-a-demarat-cu-pasajul-europa-unita","status":"publish","type":"post","link":"https:\/\/247stiri.ro\/index.php\/2025\/03\/10\/curatenia-de-primavara-din-sectorul-4-a-demarat-cu-pasajul-europa-unita\/","title":{"rendered":"Cur\u0103\u021benia de prim\u0103var\u0103 din Sectorul 4 a demarat cu Pasajul Europa Unit\u0103"},"content":{"rendered":"<p>Fiind plasat la \u00een\u0103l\u021bime, a fost nevoie s\u0103 se foloseasc\u0103 drone de cur\u0103\u021bare, echipamente tehnologice inovatoare. La altitudini mari, drona poate ajunge cu u\u0219urin\u021b\u0103 \u00een zone care sunt greu de atins manual. Fiind o solu\u021bie ecologic\u0103, aceast\u0103 metod\u0103 revolu\u021bioneaz\u0103 practicile de \u00eentre\u021binere a cl\u0103dirilor.<\/p>\n<p>\u201dMi-a f\u0103cut o mare pl\u0103cere s\u0103 dau o m\u00e2n\u0103 de ajutor acestor oameni care fac tot posibilul pentru a asigura un mediu curat \u0219i s\u0103n\u0103tos \u00een comunitatea noastr\u0103! Cur\u0103\u021benia continu\u0103\u201d, a dezv\u0103luit primarul Daniel B\u0103lu\u021b\u0103, pe pagina personal\u0103 de facebook, care a supervizat la opera\u021biunile derulate pe timpul nop\u021bii.<\/p>\n\n<p>\u0218i, \u00eentr-adev\u0103r, cur\u0103\u021benia continu\u0103 \u00een sectorul 4. S-a trecut la \u00eendep\u0103rtarea urmelor l\u0103sate de iarn\u0103, pentru a fi \u00eent\u00e2mpinat\u0103 prim\u0103vara a\u0219a cum se cuvine, cu o cur\u0103\u021benie extins\u0103.<\/p>\n\n<p>Lucr\u0103torii de la Totul Verde se ocup\u0103 acum de trotuare, de alei \u0219i de alte asemenea spa\u021bii pietonale, dar \u0219i de mobilierul urban.<\/p>\n\n<p>\u00a0<\/p>","protected":false},"excerpt":{"rendered":"<p>Fiind plasat la \u00een\u0103l\u021bime, a fost nevoie s\u0103 se foloseasc\u0103 drone de cur\u0103\u021bare, echipamente tehnologice&hellip;<\/p>\n","protected":false},"author":0,"featured_media":38157,"comment_status":"open","ping_status":"open","sticky":false,"template":"","format":"standard","meta":{"footnotes":""},"categories":[2],"tags":[],"class_list":["post-38156","post","type-post","status-publish","format-standard","has-post-thumbnail","hentry","category-actual"],"_links":{"self":[{"href":"https:\/\/247stiri.ro\/index.php\/wp-json\/wp\/v2\/posts\/38156","targetHints":{"allow":["GET"]}}],"collection":[{"href":"https:\/\/247stiri.ro\/index.php\/wp-json\/wp\/v2\/posts"}],"about":[{"href":"https:\/\/247stiri.ro\/index.php\/wp-json\/wp\/v2\/types\/post"}],"replies":[{"embeddable":true,"href":"https:\/\/247stiri.ro\/index.php\/wp-json\/wp\/v2\/comments?post=38156"}],"version-history":[{"count":0,"href":"https:\/\/247stiri.ro\/index.php\/wp-json\/wp\/v2\/posts\/38156\/revisions"}],"wp:featuredmedia":[{"embeddable":true,"href":"https:\/\/247stiri.ro\/index.php\/wp-json\/wp\/v2\/media\/38157"}],"wp:attachment":[{"href":"https:\/\/247stiri.ro\/index.php\/wp-json\/wp\/v2\/media?parent=38156"}],"wp:term":[{"taxonomy":"category","embeddable":true,"href":"https:\/\/247stiri.ro\/index.php\/wp-json\/wp\/v2\/categories?post=38156"},{"taxonomy":"post_tag","embeddable":true,"href":"https:\/\/247stiri.ro\/index.php\/wp-json\/wp\/v2\/tags?post=38156"}],"curies":[{"name":"wp","href":"https:\/\/api.w.org\/{rel}","templated":true}]}}