{"id":38159,"date":"2025-03-10T10:45:05","date_gmt":"2025-03-10T10:45:05","guid":{"rendered":"https:\/\/247stiri.ro\/index.php\/2025\/03\/10\/sustinatorii-lui-calin-georgescu-mobilizare-fara-precedent-mii-de-romani-au-pornit-spre-capitala-vor-sa-isi-apere-tara-si-drepturile\/"},"modified":"2025-03-10T10:45:05","modified_gmt":"2025-03-10T10:45:05","slug":"sustinatorii-lui-calin-georgescu-mobilizare-fara-precedent-mii-de-romani-au-pornit-spre-capitala-vor-sa-isi-apere-tara-si-drepturile","status":"publish","type":"post","link":"https:\/\/247stiri.ro\/index.php\/2025\/03\/10\/sustinatorii-lui-calin-georgescu-mobilizare-fara-precedent-mii-de-romani-au-pornit-spre-capitala-vor-sa-isi-apere-tara-si-drepturile\/","title":{"rendered":"Sus\u021bin\u0103torii lui C\u0103lin Georgescu, mobilizare f\u0103r\u0103 precedent. Mii de rom\u00e2ni au pornit spre Capital\u0103. Vor s\u0103 \u00ee\u0219i apere \u021bara \u0219i drepturile"},"content":{"rendered":"<p>UPDATE, ORA 12:00: \u201dAm fost pe data \u00een care domnul C\u0103lin Georgescu \u0219i-a depus candidatura. Am fost foarte entuziasma\u021bi, am fost \u00eentr-un num\u0103r destul de mare, \u0219i speram c\u0103 vor valida candidatura domnului Goergescu. Situa\u021bia acum este foarte grav\u0103. Nu vreau s\u0103 instig acum la protest, dar sper s\u0103 vin\u0103 c\u00e2t mai multe persoane care s\u0103 fie aici al\u0103turi de noi \u0219i s\u0103 ne cerem drepturile care ni s-au luat.(&#8230;) Conducerea actual\u0103 ne calc\u0103 \u00een picioare pur \u0219i simplu. \u00cencepem s\u0103 ne pierdem speran\u021ba, dar cu credin\u021b\u0103 \u00een poporul rom\u00e2n, vom merge mai departe\u201d, a spus un b\u0103rbat care a venit special din nordul \u021b\u0103ri pentru a-l sus\u021bine pe C\u0103lin Georgescu.\u00a0<\/p>\n<p>Un alt sus\u021bin\u0103tor al acestuia, care a participat \u0219i la protestele anterioare, a subliniat c\u0103 violen\u021bele de duminic\u0103 sear\u0103 nu \u00eei reprezint\u0103 pe suverani\u0219ti.\u00a0<\/p>\n<p>\u201dCeea ce s-a \u00eent\u00e2mplat asear\u0103 nu ne reprezint\u0103. De fiecare dat\u0103, sus\u021bin\u0103torii lui C\u0103lin Georgescu ascul\u0103 de el, de \u00eendemnurile lui, chiar \u0219i asear\u0103 a transmis un \u00eendemn destul de lini\u0219tit, apel la lini\u0219te, la calmitate. E grea lovitura de ieri\u201d, a spus b\u0103rbatul.\u00a0<\/p>\n<p>\u0218tirea ini\u021bial\u0103:\u00a0<\/p>\n<p>\u00cen jurul orei 11:00, \u00een fa\u021ba sediului Biroului Electoral Central, din Centrul Vechi al Capitalei, au ajuns deja primii protestatari din mai multe col\u021buri ale \u021b\u0103rii, inclusiv din Ia\u0219i.<\/p>\n<p>Ace\u0219tia au fost legitima\u021bi de jandarmi, o m\u0103sur\u0103 preventiv\u0103 care face parte din protocolul de securitate pe care for\u021bele de ordine l-au \u00eentocmit asftel \u00eenc\u00e2t s\u0103 fie prevenite eventualele incidente violente, similare celor de duminic\u0103 noapte.\u00a0<\/p>\n<p>V\u0103 reamintim c\u0103 Biroul Electoral Central a respins, duminic\u0103 sear\u0103, candidatura la pre\u0219edin\u021bia Rom\u00e2niei a lui C\u0103lin Georgescu. 10 din 14 membri ai BEC au votat pentru respingerea candidaturii \u00een timp ce reprezentan\u0163ii AUR, POT, SOS \u015fi USR au votat \u00een favoarea \u00eenscrierii candidaturii lui C\u0103lin Georgescu la alegerile preziden\u021biale din mai.\u00a0<\/p>\n<p>Dup\u0103 anun\u021bul privind respingerea candidaturii lui C\u0103lin Georgescu, mai mul\u021bi indivizi s-au infiltrat printre protestatarii care \u00ee\u0219i manifestau nemul\u021bumirea \u00een mod pa\u0219nic fa\u021b\u0103 de decizia BEC \u0219i au <a href=\"https:\/\/www.realitatea.net\/stiri\/actual\/politia-romana-primele-concluzii-din-ancheta-protestelor-violente-care-au-avut-loc-duminica-seara-in-centrul-vechi-al-capitalei_67cea52f63bf0d1f4e432c42\" target=\"_blank\">instigat la violen\u021b\u0103.\u00a0<\/a><\/p>\n<p>Ac\u0163iunile acestor indivizi, despre care se spune c\u0103 ar fi fost suporterii unor galerii de fotbal, au degenerat \u00een proteste violente care au culminat cu incendierea unor obiecte din perimetrul respectiv, cu r\u0103nirea unor jandarmi \u015fi cu distrugerea ma\u015finii unui post de televiziune, dar \u015fi a unor bunuri publice.<\/p>\n<p>Circula\u0163ia rutier\u0103 \u00een Centrul Capitalei a fost blocat\u0103 complet pe Bulevardul I. C. Br\u0103tianu, care leag\u0103 Pia\u0163a Unirii de Pia\u0163a Universit\u0103\u0163ii, iar \u00een zon\u0103 au fost comasate for\u0163e ale Deta\u015famentului special de interven\u0163ie al Jandarmeriei, fiecare persoan\u0103 care trecea prin zon\u0103, inclusiv turi\u015fti, fiind legitimat\u0103.<\/p>\n<p>\u00a0<\/p>","protected":false},"excerpt":{"rendered":"<p>UPDATE, ORA 12:00: \u201dAm fost pe data \u00een care domnul C\u0103lin Georgescu \u0219i-a depus candidatura.&hellip;<\/p>\n","protected":false},"author":0,"featured_media":38160,"comment_status":"open","ping_status":"open","sticky":false,"template":"","format":"standard","meta":{"footnotes":""},"categories":[2],"tags":[],"class_list":["post-38159","post","type-post","status-publish","format-standard","has-post-thumbnail","hentry","category-actual"],"_links":{"self":[{"href":"https:\/\/247stiri.ro\/index.php\/wp-json\/wp\/v2\/posts\/38159","targetHints":{"allow":["GET"]}}],"collection":[{"href":"https:\/\/247stiri.ro\/index.php\/wp-json\/wp\/v2\/posts"}],"about":[{"href":"https:\/\/247stiri.ro\/index.php\/wp-json\/wp\/v2\/types\/post"}],"replies":[{"embeddable":true,"href":"https:\/\/247stiri.ro\/index.php\/wp-json\/wp\/v2\/comments?post=38159"}],"version-history":[{"count":0,"href":"https:\/\/247stiri.ro\/index.php\/wp-json\/wp\/v2\/posts\/38159\/revisions"}],"wp:featuredmedia":[{"embeddable":true,"href":"https:\/\/247stiri.ro\/index.php\/wp-json\/wp\/v2\/media\/38160"}],"wp:attachment":[{"href":"https:\/\/247stiri.ro\/index.php\/wp-json\/wp\/v2\/media?parent=38159"}],"wp:term":[{"taxonomy":"category","embeddable":true,"href":"https:\/\/247stiri.ro\/index.php\/wp-json\/wp\/v2\/categories?post=38159"},{"taxonomy":"post_tag","embeddable":true,"href":"https:\/\/247stiri.ro\/index.php\/wp-json\/wp\/v2\/tags?post=38159"}],"curies":[{"name":"wp","href":"https:\/\/api.w.org\/{rel}","templated":true}]}}