{"id":38161,"date":"2025-03-10T10:45:05","date_gmt":"2025-03-10T10:45:05","guid":{"rendered":"https:\/\/247stiri.ro\/index.php\/2025\/03\/10\/mai-multe-zone-din-capitala-fara-apa-calda-si-caldura-termoenergetica-anunta-lucrari-de-reparatii-urgente-si-de-durata-zonele-vizate\/"},"modified":"2025-03-10T10:45:05","modified_gmt":"2025-03-10T10:45:05","slug":"mai-multe-zone-din-capitala-fara-apa-calda-si-caldura-termoenergetica-anunta-lucrari-de-reparatii-urgente-si-de-durata-zonele-vizate","status":"publish","type":"post","link":"https:\/\/247stiri.ro\/index.php\/2025\/03\/10\/mai-multe-zone-din-capitala-fara-apa-calda-si-caldura-termoenergetica-anunta-lucrari-de-reparatii-urgente-si-de-durata-zonele-vizate\/","title":{"rendered":"Mai multe zone din Capital\u0103, f\u0103r\u0103 ap\u0103 cald\u0103 \u0219i c\u0103ldur\u0103. Termoenergetica anun\u021b\u0103 lucr\u0103ri de repara\u0163ii urgente \u0219i de durat\u0103: zonele vizate"},"content":{"rendered":"<p>Compania Municipal\u0103 Termoenergetica Bucure\u015fti (CMTEB) S.A. anun\u0163\u0103, luni, \u00eentr-o postare pe Facebook, c\u0103 \u00een urm\u0103toarele zile se vor face lucr\u0103ri de reabilitare pe conductele re\u0163elei termice, \u00een mai multe zone din Capital\u0103.<\/p>\n<p>Potrivit CMTEB, urm\u0103toarele interven\u0163ii sunt esen\u0163iale pentru men\u0163inerea func\u0163ion\u0103rii optime a sistemului de termoficare p\u00e2n\u0103 la sf\u00e2r\u015fitul sezonului rece:<\/p>\n<p>1. Re\u0163eaua termic\u0103 primar\u0103 &#8211; conduct\u0103 Dn 800mm, \u00een zona Splaiul Unirii din Sectorul 3. Apa Nova Bucure\u015fti va executa lucr\u0103ri de reabilitare a sistemului de canalizare ce apar\u0163ine Prim\u0103riei Municipiului Bucure\u015fti, care impun sistarea furniz\u0103rii agentului termic pentru ap\u0103 cald\u0103 \u015fi \u00eenc\u0103lzire c\u0103tre 3 puncte termice (43 blocuri \u015fi 1 industrie) din data de 10 martie 2025 &#8211; ora 09:00, p\u00e2n\u0103 \u00een data de 13 martie 2025 &#8211; ora 23:00. Anul de punere \u00een func\u0163iune a conductei din aceast\u0103 zon\u0103 este 1974, aceast\u0103 por\u0163iune de re\u0163ea av\u00e2nd peste 50 de ani de func\u0163ionare.<\/p>\n<p>2. Re\u0163eaua termic\u0103 primar\u0103 &#8211; conduct\u0103 Dn 500mm, \u00een zona Bulevardului Camil Ressu din Sectorul 3. Se vor executa lucr\u0103ri de modernizare din cadrul proiectului \u201cReabilitarea sistemului de termoficare aferent Magistralei II Sud \u2013 Lot 1, Obiectiv 2 &#8211; \u00a0tronson C4MB \u2013 CV16\u201d si lucr\u0103ri de repara\u0163ie a conductelor, care impun sistarea furniz\u0103rii agentului termic pentru ap\u0103 cald\u0103 \u015fi \u00eenc\u0103lzire c\u0103tre \u00a011 puncte termice (168 blocuri) din data de 10 martie 2025, ora 09:00 p\u00e2n\u0103 \u00een data de 12 martie 2025, ora 23:00. Anul de punere \u00een func\u0163iune a conductei din aceast\u0103 zon\u0103 este 1976, aceast\u0103 por\u0163iune de re\u0163ea av\u00e2nd aproape 50 de ani de func\u0163ionare.<\/p>\n<p>3. Re\u0163eaua termic\u0103 primar\u0103 &#8211; conduct\u0103 Dn 600mm, \u00een zona bulevardelor Corneliu Coposu \u015fi Octavian Goga din Sectorul 3. Se vor executa lucr\u0103ri de repara\u0163ie a conductelor, care impun sistarea furniz\u0103rii agentului termic pentru ap\u0103 cald\u0103 \u015fi \u00eenc\u0103lzire c\u0103tre \u00a08 puncte termice (89 blocuri \u015fi 3 industrii) din data de 12 martie 2025, ora 09:00 p\u00e2n\u0103 \u00een data de 14 martie 2025, ora 23:00. Anul de punere \u00een func\u0163iune a conductei din aceast\u0103 zon\u0103 este 1991, aceast\u0103 por\u0163iune de re\u0163ea av\u00e2nd \u00a0aproape 35 de ani de func\u0163ionare.<\/p>\n<p>4. Re\u0163eaua termic\u0103 primar\u0103 &#8211; conduct\u0103 Dn 800mm, \u00een zona intersec\u0163iei str\u0103zii Turnu M\u0103gurele cu Bulevardul Constantin Br\u00e2ncoveanu din Sectorul 4. Se vor executa lucr\u0103ri de repara\u0163ie a conductelor, care impun sistarea furniz\u0103rii agentului termic pentru ap\u0103 cald\u0103 \u015fi \u00eenc\u0103lzire c\u0103tre 21 puncte termice (340 blocuri \u015fi 17 agen\u0163i economici) cu \u00eencepere din data de 12 martie 2025, ora 09:00, p\u00e2n\u0103 \u00een data 14 martie 2025, ora 23:00. Anul de punere \u00een func\u0163iune a conductei din aceast\u0103 zon\u0103 este 1987, aceast\u0103 por\u0163iune de re\u0163ea av\u00e2nd aproape 40 de ani de func\u0163ionare.<\/p>\n<p>5. Re\u0163eaua termic\u0103 primar\u0103 &#8211; conduct\u0103 Dn 500mm, \u00een zona str\u0103zii Lujerului din Sectorul 6. Se vor executa lucr\u0103ri de remediere a unei avarii care impun sistarea furniz\u0103rii agentului termic f\u0103r\u0103 afectarea consumatorilor. Lucr\u0103rile se vor desf\u0103\u015fura \u00een perioada 12 martie 2025, ora 09:00 &#8211; 13 martie 2025, ora 23:00. Anul de punere \u00een func\u0163iune a conductei corespunz\u0103toare tronsonului men\u0163ionat este anul 1969, aceasta por\u0163iune de re\u0163ea av\u00e2nd aproape peste 55 ani de func\u0163ionare.<\/p>\n<p>6. Re\u0163eaua termic\u0103 primar\u0103 &#8211; conduct\u0103 Dn 800mm, \u00een zona intersec\u0163iei str\u0103zilor Or\u015fova cu Drept\u0103\u0163ii din Sectorul 6. Se vor executa lucr\u0103ri de modernizare a unui c\u0103min de termoficare, de \u00a0re\u00eentregire a conductei Dn 800mm, precum \u015fi cele pentru montajul unor vane de golire cu diametrul de \u00a0125mm \u015fi a unor robine\u0163i de aerisire cu diametrul 50mm, care impun sistarea furniz\u0103rii agentului termic pentru ap\u0103 cald\u0103 \u015fi \u00eenc\u0103lzire c\u0103tre 2 puncte termice (8 blocuri) \u015fi modulele blocurilor \u00a0F7A \u015fi F7B. Lucr\u0103rile se vor desf\u0103\u015fura \u00een perioada 12 martie 2025, ora 09:00 p\u00e2n\u0103 \u00een data de 14 martie 2025, ora 23:00. \u00a0Anul de punere \u00een func\u0163iune a conductei corespunz\u0103toare tronsonului men\u0163ionat este anul 1990, aceast\u0103 por\u0163iune de re\u0163ea av\u00e2nd aproape 35 ani de func\u0163ionare.<\/p>\n<p>7. Re\u0163eaua termic\u0103 primar\u0103 &#8211; conduct\u0103 Dn 300mm, \u00een zona str\u0103zii Liniei, din Sectorul 6. Se vor executa lucr\u0103ri de remediere a unei avarii, care impun sistarea furniz\u0103rii agentului termic c\u0103tre 2 puncte termice (11 blocuri \u015fi 2 agenti economici). Perioada activit\u0103\u0163ii va fi din data de 12 martie 2025, ora 9:00, p\u00e2n\u0103 \u00een data de 13 martie 2025, ora 23:00. Anul de punere \u00een func\u0163iune a conductei corespunz\u0103toare tronsonului men\u0163ionat este anul 1982, aceast\u0103 por\u0163iune de re\u0163ea av\u00e2nd aproape 45 ani de func\u0163ionare.<\/p>\n<p>8. Re\u0163eaua termic\u0103 primar\u0103 \u2013 Dn 800mm, conform Contractului subsecvent nr.440\/31.07.2024 \u2013 LOT 6 \u201cLucr\u0103ri de interven\u0163ii de prim\u0103 urgen\u0163\u0103 Dn 800mm, tronson 3 \u015fi 4 \u015eoseaua Virtu\u0163ii \u2013 \u015etrand Ciurel\u201d, respectiv lucr\u0103ri de deblindare \u015fi de re\u00eentregire a re\u0163elei termice executate de c\u0103tre firma Turbo Energy Power. Concomitent, se vor executa \u015fi lucr\u0103rile de remediere a avariilor, inclusiv cele de montaj a unei vane cu diametrul de 500mm \u00een c\u0103minul de termoficare C13 Intermeridian, care impun sistarea furniz\u0103rii agentului termic pentru ap\u0103 cald\u0103 \u015fi \u00eenc\u0103lzire c\u0103tre 3 puncte termice (71 blocuri \u015fi imobile \u015fi 5 industrii) din data de 12 martie 2025, ora 08:00, p\u00e2n\u0103 \u00een data de 15 martie 2025, ora 23.00. Anul de punere \u00een func\u0163iune a conductei din aceast\u0103 zon\u0103 este 1981, aceast\u0103 por\u0163iune de re\u0163ea av\u00e2nd peste 50 de ani de func\u0163ionare.<\/p>\n<p>Dispeceratele Companiei Municipale Termoenergetica Bucure\u015fti \u015fi echipele de interven\u0163ie lucreaz\u0103 \u00een regim permanent pentru solu\u0163ionarea problemelor ap\u0103rute. CMTEB reaminte\u015fte c\u0103 termenele ini\u0163iale de repunere \u00een func\u0163iune a sistemului de termoficare sunt estimate \u00eenainte de deschiderea \u015fantierelor \u015fi decopertarea galeriilor.<\/p>\n<p>\u201eFinalizarea lucr\u0103rilor depinde de complexitatea acestora, care este \u00een direct\u0103 leg\u0103tur\u0103 cu starea de degradare a conductelor. Clien\u0163ii au la dispozi\u0163ie informa\u0163ii prin mesajele pre\u00eenregistrate la num\u0103rul de telefon 031.9442 sau alte detalii la 0800.820.002, precum \u015fi prin aplica\u0163ia Termoalert. Ne cerem scuze pentru disconfortul creat \u015fi v\u0103 mul\u0163umim pentru \u00een\u0163elegere!\u201d, au transmis reprezentan\u0163ii companiei bucure\u015ftene de termoficare.<\/p>","protected":false},"excerpt":{"rendered":"<p>Compania Municipal\u0103 Termoenergetica Bucure\u015fti (CMTEB) S.A. anun\u0163\u0103, luni, \u00eentr-o postare pe Facebook, c\u0103 \u00een urm\u0103toarele&hellip;<\/p>\n","protected":false},"author":0,"featured_media":38162,"comment_status":"open","ping_status":"open","sticky":false,"template":"","format":"standard","meta":{"footnotes":""},"categories":[2],"tags":[],"class_list":["post-38161","post","type-post","status-publish","format-standard","has-post-thumbnail","hentry","category-actual"],"_links":{"self":[{"href":"https:\/\/247stiri.ro\/index.php\/wp-json\/wp\/v2\/posts\/38161","targetHints":{"allow":["GET"]}}],"collection":[{"href":"https:\/\/247stiri.ro\/index.php\/wp-json\/wp\/v2\/posts"}],"about":[{"href":"https:\/\/247stiri.ro\/index.php\/wp-json\/wp\/v2\/types\/post"}],"replies":[{"embeddable":true,"href":"https:\/\/247stiri.ro\/index.php\/wp-json\/wp\/v2\/comments?post=38161"}],"version-history":[{"count":0,"href":"https:\/\/247stiri.ro\/index.php\/wp-json\/wp\/v2\/posts\/38161\/revisions"}],"wp:featuredmedia":[{"embeddable":true,"href":"https:\/\/247stiri.ro\/index.php\/wp-json\/wp\/v2\/media\/38162"}],"wp:attachment":[{"href":"https:\/\/247stiri.ro\/index.php\/wp-json\/wp\/v2\/media?parent=38161"}],"wp:term":[{"taxonomy":"category","embeddable":true,"href":"https:\/\/247stiri.ro\/index.php\/wp-json\/wp\/v2\/categories?post=38161"},{"taxonomy":"post_tag","embeddable":true,"href":"https:\/\/247stiri.ro\/index.php\/wp-json\/wp\/v2\/tags?post=38161"}],"curies":[{"name":"wp","href":"https:\/\/api.w.org\/{rel}","templated":true}]}}