{"id":38180,"date":"2025-03-10T11:45:10","date_gmt":"2025-03-10T11:45:10","guid":{"rendered":"https:\/\/247stiri.ro\/index.php\/2025\/03\/10\/prima-contestatie-la-ccr-impotriva-lui-nicusor-dan-ce-i-se-imputa-candidatului-la-prezidentiale\/"},"modified":"2025-03-10T11:45:10","modified_gmt":"2025-03-10T11:45:10","slug":"prima-contestatie-la-ccr-impotriva-lui-nicusor-dan-ce-i-se-imputa-candidatului-la-prezidentiale","status":"publish","type":"post","link":"https:\/\/247stiri.ro\/index.php\/2025\/03\/10\/prima-contestatie-la-ccr-impotriva-lui-nicusor-dan-ce-i-se-imputa-candidatului-la-prezidentiale\/","title":{"rendered":"Prima contesta\u021bie la CCR \u00eempotriva lui Nicu\u0219or Dan. Ce i se imput\u0103 candidatului la preziden\u021biale"},"content":{"rendered":"<p>Prima contesta\u021bie \u00eenregistrat\u0103 luni la Curtea Constitu\u021bional\u0103 a Rom\u00e2niei, \u00een ziua decisiv\u0103 \u00een care se pot depune contesta\u021bii pentru candidaturile analizate duminic\u0103 la Biroul Electoral Central.\u00a0<\/p>\n<p>Aceast\u0103 prim\u0103 contesta\u021bie vine, surprinz\u0103tor, \u00eempotriva lui Nicu\u0219or Dan. Vorbim despre o contesta\u021bie \u00een care acesta este acuzat de conflict de interese. Se invoc\u0103, de asemenea, respectarea Constitu\u021biei.\u00a0<\/p>\n<p>&#8222;Ast\u0103zi, 10 martie 2025, a fost \u00eenregistrat\u0103 la Curtea Constitu\u021bional\u0103 contesta\u021bia formulat\u0103 de domnul S.C.A. \u00eempotriva Deciziei Biroului Electoral Central nr.17D\/9.03.2025 privind \u00eenregistrarea candidaturii independente a domnului DAN Nicu\u0219or-Daniel \u0219i a semnului electoral la alegerile pentru Pre\u0219edintele Rom\u00e2niei din anul 2025.<\/p>\n<p>Contesta\u021bia formeaz\u0103 obiectul Dosarului Cur\u021bii Constitu\u021bionale nr.904F\/2025, iar con\u021binutul ei poate fi accesat\u00a0<a href=\"https:\/\/www.ccr.ro\/wp-content\/uploads\/2025\/03\/Dosar-nr-904F_anonimizat.pdf\">aici<\/a>&#8222;, se arat\u0103 \u00eentr-un anun\u021b postat pe siteul CCR.<\/p>\n<p>Cauza se solu\u021bioneaz\u0103 pe baza sesiz\u0103rii \u015fi a celorlalte documente depuse la dosar p\u00e2n\u0103 la data de 11 martie 2025, ora 14.<\/p>\n<p>Contesta\u021bia va fi analizat\u0103 fie mar\u021bi, fie miercuri de judec\u0103torii constitu\u021bionali, atunci c\u00e2nd se vor reuni ca s\u0103 analizeze toate contesta\u021bile pe care le vor primi \u00een cursul zilei de luni.\u00a0<\/p>\n<p>Reamintim c\u0103 p\u00e2n\u0103 la miezul nop\u021bii se pot depune contesta\u021bii pentru deciziile de luate duminic\u0103 de BEC. Astfel, este de a\u0219teptat, practic, ca pe tot parcursul zilei s\u0103 vedem tot mai multe astfel de documente.\u00a0<\/p>\n<p>\u00a0<\/p>","protected":false},"excerpt":{"rendered":"<p>Prima contesta\u021bie \u00eenregistrat\u0103 luni la Curtea Constitu\u021bional\u0103 a Rom\u00e2niei, \u00een ziua decisiv\u0103 \u00een care se&hellip;<\/p>\n","protected":false},"author":0,"featured_media":38172,"comment_status":"open","ping_status":"open","sticky":false,"template":"","format":"standard","meta":{"footnotes":""},"categories":[2],"tags":[],"class_list":["post-38180","post","type-post","status-publish","format-standard","has-post-thumbnail","hentry","category-actual"],"_links":{"self":[{"href":"https:\/\/247stiri.ro\/index.php\/wp-json\/wp\/v2\/posts\/38180","targetHints":{"allow":["GET"]}}],"collection":[{"href":"https:\/\/247stiri.ro\/index.php\/wp-json\/wp\/v2\/posts"}],"about":[{"href":"https:\/\/247stiri.ro\/index.php\/wp-json\/wp\/v2\/types\/post"}],"replies":[{"embeddable":true,"href":"https:\/\/247stiri.ro\/index.php\/wp-json\/wp\/v2\/comments?post=38180"}],"version-history":[{"count":0,"href":"https:\/\/247stiri.ro\/index.php\/wp-json\/wp\/v2\/posts\/38180\/revisions"}],"wp:featuredmedia":[{"embeddable":true,"href":"https:\/\/247stiri.ro\/index.php\/wp-json\/wp\/v2\/media\/38172"}],"wp:attachment":[{"href":"https:\/\/247stiri.ro\/index.php\/wp-json\/wp\/v2\/media?parent=38180"}],"wp:term":[{"taxonomy":"category","embeddable":true,"href":"https:\/\/247stiri.ro\/index.php\/wp-json\/wp\/v2\/categories?post=38180"},{"taxonomy":"post_tag","embeddable":true,"href":"https:\/\/247stiri.ro\/index.php\/wp-json\/wp\/v2\/tags?post=38180"}],"curies":[{"name":"wp","href":"https:\/\/api.w.org\/{rel}","templated":true}]}}