{"id":38216,"date":"2025-03-10T13:44:56","date_gmt":"2025-03-10T13:44:56","guid":{"rendered":"https:\/\/247stiri.ro\/index.php\/2025\/03\/10\/parlamentul-va-infiinta-o-comisie-speciala-pentru-combaterea-traficului-de-persoane\/"},"modified":"2025-03-10T13:44:56","modified_gmt":"2025-03-10T13:44:56","slug":"parlamentul-va-infiinta-o-comisie-speciala-pentru-combaterea-traficului-de-persoane","status":"publish","type":"post","link":"https:\/\/247stiri.ro\/index.php\/2025\/03\/10\/parlamentul-va-infiinta-o-comisie-speciala-pentru-combaterea-traficului-de-persoane\/","title":{"rendered":"Parlamentul va \u00eenfiin\u021ba o comisie special\u0103 pentru combaterea traficului de persoane"},"content":{"rendered":"<p>Potrivit solicit\u0103rii semnate de pre\u015fedintele Camerei Deputa\u0163ilor, Ciprian \u015eerban, comisia special\u0103 comun\u0103 a Camerei Deputa\u0163ilor \u015fi Senatului pentru combaterea traficului de persoane se constituie, la nivelul Parlamentului.<\/p>\n<p>Obiectivele comisiei sunt analiza cauzelor \u015fi factorilor structurali \u015fi conjuncturali, care favorizeaz\u0103 manifestarea traficului de persoane, inclusiv exploatarea prin munc\u0103, exploatarea sexual\u0103, traficul de minori \u015fi alte forme de abuz.<\/p>\n<p>Comisia va mai analiza activitatea institu\u0163iilor \u015fi autorit\u0103\u0163ilor administrative publice abilitate, la nivel central \u015fi local \u00een prevenirea, identificarea, investigarea \u015fi solu\u0163ionarea traficului de persoane, inclusiv a exploat\u0103rii prin munc\u0103 \u015fi a altor forme de trafic de persoane dar \u015fi evaluarea eficien\u0163ei m\u0103surilor implementate.<\/p>\n<p>Potrivit news.ro, comisia \u00ee\u015fi propune elaborarea unei propuneri legislative, \u00een vederea modific\u0103rii legisla\u0163iei din domeniu.<\/p>\n<p>Comisia va fi format\u0103 din 25 de membri, desemna\u0163i de grupurile parlamentare din cele dou\u0103 Camere ale Parlamentului, conform configura\u0163iei politice \u015fi va fi condus\u0103 de un Birou al comisiei, compus din pre\u015fedinte, doi vicepre\u015fedin\u0163i \u015fi un secretar.<\/p>\n<p>Comisia special\u0103 va func\u0163iona p\u00e2n\u0103 la finalul legislaturii 2024-2028.<\/p>","protected":false},"excerpt":{"rendered":"<p>Potrivit solicit\u0103rii semnate de pre\u015fedintele Camerei Deputa\u0163ilor, Ciprian \u015eerban, comisia special\u0103 comun\u0103 a Camerei Deputa\u0163ilor&hellip;<\/p>\n","protected":false},"author":0,"featured_media":38211,"comment_status":"open","ping_status":"open","sticky":false,"template":"","format":"standard","meta":{"footnotes":""},"categories":[2],"tags":[],"class_list":["post-38216","post","type-post","status-publish","format-standard","has-post-thumbnail","hentry","category-actual"],"_links":{"self":[{"href":"https:\/\/247stiri.ro\/index.php\/wp-json\/wp\/v2\/posts\/38216","targetHints":{"allow":["GET"]}}],"collection":[{"href":"https:\/\/247stiri.ro\/index.php\/wp-json\/wp\/v2\/posts"}],"about":[{"href":"https:\/\/247stiri.ro\/index.php\/wp-json\/wp\/v2\/types\/post"}],"replies":[{"embeddable":true,"href":"https:\/\/247stiri.ro\/index.php\/wp-json\/wp\/v2\/comments?post=38216"}],"version-history":[{"count":0,"href":"https:\/\/247stiri.ro\/index.php\/wp-json\/wp\/v2\/posts\/38216\/revisions"}],"wp:featuredmedia":[{"embeddable":true,"href":"https:\/\/247stiri.ro\/index.php\/wp-json\/wp\/v2\/media\/38211"}],"wp:attachment":[{"href":"https:\/\/247stiri.ro\/index.php\/wp-json\/wp\/v2\/media?parent=38216"}],"wp:term":[{"taxonomy":"category","embeddable":true,"href":"https:\/\/247stiri.ro\/index.php\/wp-json\/wp\/v2\/categories?post=38216"},{"taxonomy":"post_tag","embeddable":true,"href":"https:\/\/247stiri.ro\/index.php\/wp-json\/wp\/v2\/tags?post=38216"}],"curies":[{"name":"wp","href":"https:\/\/api.w.org\/{rel}","templated":true}]}}