{"id":38217,"date":"2025-03-10T13:44:57","date_gmt":"2025-03-10T13:44:57","guid":{"rendered":"https:\/\/247stiri.ro\/index.php\/2025\/03\/10\/incident-grav-in-olt-un-tanar-de-26-de-ani-a-fost-retinut-dupa-ce-i-a-injunghiat-pe-tatal-sau-si-pe-un-prieten-al-acestuia\/"},"modified":"2025-03-10T13:44:57","modified_gmt":"2025-03-10T13:44:57","slug":"incident-grav-in-olt-un-tanar-de-26-de-ani-a-fost-retinut-dupa-ce-i-a-injunghiat-pe-tatal-sau-si-pe-un-prieten-al-acestuia","status":"publish","type":"post","link":"https:\/\/247stiri.ro\/index.php\/2025\/03\/10\/incident-grav-in-olt-un-tanar-de-26-de-ani-a-fost-retinut-dupa-ce-i-a-injunghiat-pe-tatal-sau-si-pe-un-prieten-al-acestuia\/","title":{"rendered":"Incident grav \u00een Olt. Un t\u00e2n\u0103r de 26 de ani a fost re\u0163inut, dup\u0103 ce i-a \u00eenjunghiat pe tat\u0103l s\u0103u \u015fi pe un prieten al acestuia"},"content":{"rendered":"<p>Reprezentan\u0163ii Parchetului de pe l\u00e2ng\u0103 Tribunalul Olt au anun\u0163at, luni, c\u0103 procurorii fac cercet\u0103ri dup\u0103 ce dou\u0103 persoane au fost agresate \u00een strad\u0103.<\/p>\n<p>\u201dLucr\u0103torii de poli\u0163ie din cadrul Serviciului de Investiga\u0163ii Criminale sub coordonarea unui procuror criminalist din cadrul Parchetului de pe l\u00e2ng\u0103 Tribunalul Olt, au efectuat cercetarea la fa\u0163a locului \u015fi activit\u0103\u0163i investigative, urmare unei sesiz\u0103ri SNUAU 112 f\u0103cute de c\u0103tre martorul L.N.R., care a \u00eencuno\u015ftin\u0163at faptul c\u0103, \u00een seara zilei de 09.03.2025, \u00een jurul orei 21:20-21:30, \u00een timp ce se afla la domiciliu, a auzit zgomote, \u0163ipete, care veneau dinspre strad\u0103 \u015fi ie\u015find s\u0103 vad\u0103 ce s-a \u00eent\u00e2mplat, l-a observat pe victima D.V., care s\u00e2ngera abundent din zona capului. A mers la acesta \u015fi a observat c\u0103 avea o plag\u0103 t\u0103iat\u0103 \u00een partea din spate a capului, aceasta relat\u00e2ndu-i cu aceast\u0103 ocazie c\u0103 fiul s\u0103u, inculpatul D.T.-D. i-a t\u0103iat cu un cu\u0163it de buc\u0103t\u0103rie, pe el \u015fi pe prietenul s\u0103u, victima L.I., care se afla la domiciliul lui \u015fi cu care consumase \u00eempreun\u0103 alcool\u201d, au afirmat procurorii Parchetului de pe l\u00e2ng\u0103 Tribunalul Olt.<\/p>\n<p>Ei au precizat c\u0103 cele dou\u0103 victime au fost transportate de urgen\u0163\u0103 la Spitalul Jude\u0163ean de Urgen\u0163\u0103 Slatina, unde au fost internate \u00een vederea acord\u0103rii \u00eengrijirilor medicale.<\/p>\n<p>Procurorii au precizat c\u0103 scandalul a avut loc \u00een comuna M\u0103run\u0163ei.<\/p>\n<p>Agresorul, \u00een v\u00e2rst\u0103 de 26 de ani, a recunoscut fapta \u00een fa\u0163a anchetatorilor \u015fi a afirmat c\u0103 motivul pe care l-a \u00eenjunghiat pe tat\u0103l s\u0103u, a fost c\u0103 acesta o agresase anterior pe mama sa.<\/p>\n<p>El a fost re\u0163inut pentru 24 de ore pentru comiterea infrac\u0163iunii de tentativ\u0103 la omor calificat \u015fi urmeaz\u0103 s\u0103 fie prezentat Tribunalului Olt cu propunere de arestare preventiv\u0103 pentru 30 de zile.<\/p>","protected":false},"excerpt":{"rendered":"<p>Reprezentan\u0163ii Parchetului de pe l\u00e2ng\u0103 Tribunalul Olt au anun\u0163at, luni, c\u0103 procurorii fac cercet\u0103ri dup\u0103&hellip;<\/p>\n","protected":false},"author":0,"featured_media":38218,"comment_status":"open","ping_status":"open","sticky":false,"template":"","format":"standard","meta":{"footnotes":""},"categories":[2],"tags":[],"class_list":["post-38217","post","type-post","status-publish","format-standard","has-post-thumbnail","hentry","category-actual"],"_links":{"self":[{"href":"https:\/\/247stiri.ro\/index.php\/wp-json\/wp\/v2\/posts\/38217","targetHints":{"allow":["GET"]}}],"collection":[{"href":"https:\/\/247stiri.ro\/index.php\/wp-json\/wp\/v2\/posts"}],"about":[{"href":"https:\/\/247stiri.ro\/index.php\/wp-json\/wp\/v2\/types\/post"}],"replies":[{"embeddable":true,"href":"https:\/\/247stiri.ro\/index.php\/wp-json\/wp\/v2\/comments?post=38217"}],"version-history":[{"count":0,"href":"https:\/\/247stiri.ro\/index.php\/wp-json\/wp\/v2\/posts\/38217\/revisions"}],"wp:featuredmedia":[{"embeddable":true,"href":"https:\/\/247stiri.ro\/index.php\/wp-json\/wp\/v2\/media\/38218"}],"wp:attachment":[{"href":"https:\/\/247stiri.ro\/index.php\/wp-json\/wp\/v2\/media?parent=38217"}],"wp:term":[{"taxonomy":"category","embeddable":true,"href":"https:\/\/247stiri.ro\/index.php\/wp-json\/wp\/v2\/categories?post=38217"},{"taxonomy":"post_tag","embeddable":true,"href":"https:\/\/247stiri.ro\/index.php\/wp-json\/wp\/v2\/tags?post=38217"}],"curies":[{"name":"wp","href":"https:\/\/api.w.org\/{rel}","templated":true}]}}