{"id":38221,"date":"2025-03-10T13:44:58","date_gmt":"2025-03-10T13:44:58","guid":{"rendered":"https:\/\/247stiri.ro\/index.php\/2025\/03\/10\/manipularea-sorosistilor-cum-vor-sa-puna-violentele-pe-seama-aur-dan-tanasa-sistemul-a-luat-cativa-golani-pe-care-i-a-infiltrat-intr-un-protest-pasnic\/"},"modified":"2025-03-10T13:44:58","modified_gmt":"2025-03-10T13:44:58","slug":"manipularea-sorosistilor-cum-vor-sa-puna-violentele-pe-seama-aur-dan-tanasa-sistemul-a-luat-cativa-golani-pe-care-i-a-infiltrat-intr-un-protest-pasnic","status":"publish","type":"post","link":"https:\/\/247stiri.ro\/index.php\/2025\/03\/10\/manipularea-sorosistilor-cum-vor-sa-puna-violentele-pe-seama-aur-dan-tanasa-sistemul-a-luat-cativa-golani-pe-care-i-a-infiltrat-intr-un-protest-pasnic\/","title":{"rendered":"Manipularea soro\u0219i\u0219tilor, cum vor s\u0103 pun\u0103 violen\u021bele pe seama AUR. Dan T\u0103nas\u0103: \u201dSistemul a luat c\u00e2\u021biva golani pe care i-a infiltrat \u00eentr-un protest pa\u0219nic\u201d"},"content":{"rendered":"<p>Reprezentantul <a href=\"https:\/\/www.realitatea.net\/stiri\/politica\/george-simion-anunta-decizii-cruciale-dupa-respingerea-candidaturii-lui-georgescu-live-text-si-video_67ce8e228570c90c5a119382\" target=\"_blank\">AUR <\/a>a subliniat c\u0103 sistemul a infiltrat c\u00e2\u021biva \u201dgolani\u201d printre protestatarii pa\u0219nici \u0219i au instigat la violan\u021b\u0103, dup\u0103 care presa aservit\u0103 acestuia a pus evenimentele de duminic\u0103 sear\u0103 pe seama AUR. \u00a0<\/p>\n<p>\u201dEvenimentele de asear\u0103 sunt regretabile, \u00eens\u0103 ele sunt din manualul tipic de manipulare \u0219i intoxicare a oamenilor. La fiecare protest AUR de p\u00e2n\u0103 acum, noi organiz\u0103m proteste \u00een fiecare an, de 4 ani, de 5 ani, \u0219i nu a existat niciun fel de incident, nu au existat probleme, \u0219i de fiecare dat\u0103 am dovedit c\u0103 protest\u0103m pa\u0219nic.\u00a0<\/p>\n<p>Ce s-a \u00eent\u00e2mplat asear\u0103 este din manual. Sistemul a luat c\u00e2\u021biva golani pe care i-a infiltrat \u00eentr-un protest pa\u0219nic. Trebuie s\u0103 spunem foarte clar, protestul a fost unul pa\u0219nic. A infiltrat c\u00e2\u021biva golani, pentru care, evident, ei cu asta se ocup\u0103: Instig\u0103, distrug, tocmai pentru a duce \u00een derizoriu un protest pa\u0219nic, democratic, constitu\u021bional, al oamenilor care sunt evident revolta\u021bi cu privire la tot \u00a0ce se \u00eent\u00e2mpl\u0103 \u00een acest moment \u00een Rom\u00e2nia.\u00a0<\/p>\n<p>\u0218i acum presa miruit\u0103, vuvuzelele sistemului, v\u00e2ntur\u0103 informa\u021biile c\u0103 protestul a fost coordonat de parlamentari AUR sau c\u0103 AUR \u00a0ar fi \u00een spatele violen\u021belor, pentru c\u0103 aici a\u0219a func\u021bioneaz\u0103 manipularea sistemului prin intermediul anumitor televiziuni.<\/p>\n<p>S-a dat foc, dup\u0103 care focurile \u0219i violen\u021bele le leg\u0103m de AUR, dup\u0103 aia AUR \u00eel leg\u0103m de C\u0103lin Georgescu, ca s\u0103 spunem: Domnule, s\u0103 teroriz\u0103m popula\u021bia prin mesaje false cu scopul de a-i speria pe oameni. S\u0103 spunem: Domnule, a\u0219tia vor s\u0103 ajung la guvernarea Rom\u00e2niei.<\/p>\n<p>Este o manipulare abject\u0103, de manual, pus\u0103 la cale de b\u0103ie\u021bii care conduc \u00een acest moment Rom\u00e2nia prin intermediul unor a\u0219a-zise organe de pres\u0103, respectiv publica\u021bii sau televiziuni, care v\u00e2ntur\u0103 o mizerie, o minciun\u0103, f\u0103r\u0103 s\u0103 probeze vreun moment afirma\u021biile\u201d, a declarat Dan T\u0103nas\u0103, la Realitatea PLUS.\u00a0<\/p>","protected":false},"excerpt":{"rendered":"<p>Reprezentantul AUR a subliniat c\u0103 sistemul a infiltrat c\u00e2\u021biva \u201dgolani\u201d printre protestatarii pa\u0219nici \u0219i au&hellip;<\/p>\n","protected":false},"author":0,"featured_media":38215,"comment_status":"open","ping_status":"open","sticky":false,"template":"","format":"standard","meta":{"footnotes":""},"categories":[2],"tags":[],"class_list":["post-38221","post","type-post","status-publish","format-standard","has-post-thumbnail","hentry","category-actual"],"_links":{"self":[{"href":"https:\/\/247stiri.ro\/index.php\/wp-json\/wp\/v2\/posts\/38221","targetHints":{"allow":["GET"]}}],"collection":[{"href":"https:\/\/247stiri.ro\/index.php\/wp-json\/wp\/v2\/posts"}],"about":[{"href":"https:\/\/247stiri.ro\/index.php\/wp-json\/wp\/v2\/types\/post"}],"replies":[{"embeddable":true,"href":"https:\/\/247stiri.ro\/index.php\/wp-json\/wp\/v2\/comments?post=38221"}],"version-history":[{"count":0,"href":"https:\/\/247stiri.ro\/index.php\/wp-json\/wp\/v2\/posts\/38221\/revisions"}],"wp:featuredmedia":[{"embeddable":true,"href":"https:\/\/247stiri.ro\/index.php\/wp-json\/wp\/v2\/media\/38215"}],"wp:attachment":[{"href":"https:\/\/247stiri.ro\/index.php\/wp-json\/wp\/v2\/media?parent=38221"}],"wp:term":[{"taxonomy":"category","embeddable":true,"href":"https:\/\/247stiri.ro\/index.php\/wp-json\/wp\/v2\/categories?post=38221"},{"taxonomy":"post_tag","embeddable":true,"href":"https:\/\/247stiri.ro\/index.php\/wp-json\/wp\/v2\/tags?post=38221"}],"curies":[{"name":"wp","href":"https:\/\/api.w.org\/{rel}","templated":true}]}}