{"id":38223,"date":"2025-03-10T13:44:59","date_gmt":"2025-03-10T13:44:59","guid":{"rendered":"https:\/\/247stiri.ro\/index.php\/2025\/03\/10\/dosarul-violentelor-de-la-bec-ajunge-la-parchet\/"},"modified":"2025-03-10T13:44:59","modified_gmt":"2025-03-10T13:44:59","slug":"dosarul-violentelor-de-la-bec-ajunge-la-parchet","status":"publish","type":"post","link":"https:\/\/247stiri.ro\/index.php\/2025\/03\/10\/dosarul-violentelor-de-la-bec-ajunge-la-parchet\/","title":{"rendered":"Dosarul violen\u021belor de la BEC ajunge la Parchet"},"content":{"rendered":"<p>Parchetul de pe l\u00e2ng\u0103 Tribunalul Bucure\u0219ti a preluat ancheta privind violen\u021bele petrecute \u00een noaptea de 9-10 martie 2025 \u00een Centrul Vechi al Capitalei, dup\u0103 ce mai mul\u021bi jandarmi au fost r\u0103ni\u021bi \u00een timpul protestului.\u00a0<\/p>\n<p>Potrivit comunicatului emis de Compartimentul de informare \u0219i rela\u021bii publice din cadrul Parchetului de pe l\u00e2ng\u0103 Tribunalul Bucure\u0219ti, ini\u021bial a fost deschis un dosar penal pentru ultraj, dup\u0103 ce un jandarm din dispozitivul de ordine a fost lovit cu o piatr\u0103 \u00een cap.<\/p>\n<p>Ulterior, urm\u0103rirea penal\u0103 a fost extins\u0103 pentru alte 12 cazuri similare, \u00een care jandarmi au fost agresa\u021bi cu diverse obiecte contondente aruncate din mul\u021bime.<\/p>\n<p>Procurorii au ad\u0103ugat \u00een dosar \u0219i infrac\u021biunile de tulburare a ordinii \u0219i lini\u0219tii publice \u0219i distrugere, av\u00e2nd \u00een vedere c\u0103 protestatarii au incendiat bunuri, au distrus vitrine ale magazinelor din zon\u0103, au smuls pavajul \u0219i mobilierul stradal, \u0219i au vandalizat un autovehicul apar\u021bin\u00e2nd unei televiziuni.<\/p>\n<p>Din cei 13 jandarmi agresa\u021bi, 9 au fost audia\u021bi ca persoane v\u0103t\u0103mate, iar 7 dintre ei au fost examina\u021bi medico-legal la Institutul Na\u021bional de Medicin\u0103 Legal\u0103 \u201eMina Minovici&#8221;. \u00cen urma r\u0103nilor suferite, doi jandarmi au avut nevoie de spitalizare.<\/p>\n<p>Ancheta a dus p\u00e2n\u0103 acum la identificarea a 8 persoane suspectate c\u0103 ar fi participat la ac\u021biunile violente. Parchetul continu\u0103 cercet\u0103rile pentru a clarifica exact contribu\u021bia fiec\u0103ruia la incidentele respective.<\/p>\n<p>\u201eParchetul de pe l\u00e2ng\u0103 Tribunalul Bucure\u0219ti, cu sprijinul DGPMB \u2013 Serviciul de Investiga\u021bii Criminale, Serviciul Grupuri Infrac\u021bionale Violente \u0219i Jandarmeriei Rom\u00e2ne, efectueaz\u0103 cercet\u0103ri \u00een vederea identific\u0103rii \u0219i tragerii la r\u0103spundere penal\u0103 a tuturor persoanelor ce au s\u0103v\u00e2r\u0219it infrac\u021biunile ar\u0103tate mai sus&#8221;, se arat\u0103 \u00een comunicat.<\/p>","protected":false},"excerpt":{"rendered":"<p>Parchetul de pe l\u00e2ng\u0103 Tribunalul Bucure\u0219ti a preluat ancheta privind violen\u021bele petrecute \u00een noaptea de&hellip;<\/p>\n","protected":false},"author":0,"featured_media":38224,"comment_status":"open","ping_status":"open","sticky":false,"template":"","format":"standard","meta":{"footnotes":""},"categories":[2],"tags":[],"class_list":["post-38223","post","type-post","status-publish","format-standard","has-post-thumbnail","hentry","category-actual"],"_links":{"self":[{"href":"https:\/\/247stiri.ro\/index.php\/wp-json\/wp\/v2\/posts\/38223","targetHints":{"allow":["GET"]}}],"collection":[{"href":"https:\/\/247stiri.ro\/index.php\/wp-json\/wp\/v2\/posts"}],"about":[{"href":"https:\/\/247stiri.ro\/index.php\/wp-json\/wp\/v2\/types\/post"}],"replies":[{"embeddable":true,"href":"https:\/\/247stiri.ro\/index.php\/wp-json\/wp\/v2\/comments?post=38223"}],"version-history":[{"count":0,"href":"https:\/\/247stiri.ro\/index.php\/wp-json\/wp\/v2\/posts\/38223\/revisions"}],"wp:featuredmedia":[{"embeddable":true,"href":"https:\/\/247stiri.ro\/index.php\/wp-json\/wp\/v2\/media\/38224"}],"wp:attachment":[{"href":"https:\/\/247stiri.ro\/index.php\/wp-json\/wp\/v2\/media?parent=38223"}],"wp:term":[{"taxonomy":"category","embeddable":true,"href":"https:\/\/247stiri.ro\/index.php\/wp-json\/wp\/v2\/categories?post=38223"},{"taxonomy":"post_tag","embeddable":true,"href":"https:\/\/247stiri.ro\/index.php\/wp-json\/wp\/v2\/tags?post=38223"}],"curies":[{"name":"wp","href":"https:\/\/api.w.org\/{rel}","templated":true}]}}