{"id":38255,"date":"2025-03-10T15:44:57","date_gmt":"2025-03-10T15:44:57","guid":{"rendered":"https:\/\/247stiri.ro\/index.php\/2025\/03\/10\/alegeri-prezidentiale-senatul-adopta-tacit-ordonanta-cheie\/"},"modified":"2025-03-10T15:44:57","modified_gmt":"2025-03-10T15:44:57","slug":"alegeri-prezidentiale-senatul-adopta-tacit-ordonanta-cheie","status":"publish","type":"post","link":"https:\/\/247stiri.ro\/index.php\/2025\/03\/10\/alegeri-prezidentiale-senatul-adopta-tacit-ordonanta-cheie\/","title":{"rendered":"Alegeri Preziden\u021biale: Senatul adopt\u0103 tacit ordonan\u021ba cheie"},"content":{"rendered":"<p>Nota de adoptare tacit\u0103 a propunerii legislative, pentru care termenul de dezbatere \u0219i vot s-a \u00eemplinit pe 3 martie, a fost prezentat\u0103 de pre\u0219edintele interimar al Senatului, Mircea Abrudean, care a condus \u0219edin\u021ba de luni a plenului, scrie Agerpres.Potrivit Ordonan\u021bei, la alegerile pentru pre\u0219edintele Rom\u00e2niei votarea \u00eencepe pe 4 mai, la ora local\u0103 7:00 \u0219i se \u00eencheie la ora local\u0103 a Rom\u00e2niei 21:00. Votarea \u00een str\u0103in\u0103tate se desf\u0103\u0219oar\u0103 \u0219i pe parcursul zilelor de vineri \u0219i s\u00e2mb\u0103t\u0103 imediat anterioare zilei vot\u0103rii. Vineri \u0219i s\u00e2mb\u0103t\u0103, votarea \u00eencepe la ora local\u0103 7:00 \u0219i se \u00eencheie la ora local\u0103 21.00, iar duminic\u0103, votarea \u00eencepe la ora local\u0103 7.00 \u0219i se \u00eencheie la ora local\u0103 21.00, dar nu mai t\u00e2rziu de ora local\u0103 a Rom\u00e2niei 21:00. Aleg\u0103torii care la ora 21:00 se afl\u0103 la sediul sec\u021biei de votare, precum \u0219i cei care se afl\u0103 la r\u00e2nd \u00een afara sediului sec\u021biei de votare pentru a intra \u00een localul de vot pot s\u0103 \u00ee\u0219i exercite dreptul de vot p\u00e2n\u0103 la ora local\u0103 23:59.<\/p>\n<p><a title=\"Calin Georgescu da in judecata Guvernul Romaniei, Autoritatea Electorala Permanenta si Biroul Electoral Central\" href=\"https:\/\/www.realitatea.net\/stiri\/actual\/calin-georgescu-da-in-judecata-guvernul-romaniei-autoritatea-electorala-permanenta-si-biroul-electoral-central_67cef5f121f2871126095d32\">C\u0103lin Georgescu d\u0103 \u00een judecat\u0103 Guvernul Rom\u00e2niei, Autoritatea Electoral\u0103 Permanent\u0103 \u0219i Biroul Electoral Central<\/a>Pe 3 martie, proiectul de lege pentru aprobarea OUG 1\/2025 privind unele m\u0103suri pentru organizarea \u0219i desf\u0103\u0219urarea alegerilor pentru Pre\u0219edintele Rom\u00e2niei din anul 2025 \u0219i alegerilor locale par\u021biale din anul 2025 nu a \u00eentrunit, \u00een plenul Senatului, num\u0103rul de voturi necesar (68) adopt\u0103rii\/respingerii unui act normativ cu caracter organic \u0219i, dep\u0103\u0219indu-se termenul de dezbatere \u0219i vot \u00een prima Camer\u0103 sesizat\u0103, este considerat adoptat tacit.Propunerea legislativ\u0103 va fi dezb\u0103tut\u0103 de Camera Deputa\u021bilor, for decizional \u00een acest caz.<\/p>\n<p><a title=\"S-a stabilit cand va avea loc sedinta care va analiza contestatia lui Calin Georgescu la Curtea Constitutionala\" href=\"https:\/\/www.realitatea.net\/stiri\/actual\/sa-stabilit-cand-va-avea-loc-sedinta-care-va-analiza-contestatia-lui-cain-georgescu-la-curtea-constitutionala_67cf001f7df6be4eee17a00c\">S-a stabilit c\u00e2nd va avea loc \u0219edin\u021ba care va analiza contesta\u021bia lui C\u0103lin Georgescu la Curtea Constitu\u021bional\u0103<\/a><\/p>","protected":false},"excerpt":{"rendered":"<p>Nota de adoptare tacit\u0103 a propunerii legislative, pentru care termenul de dezbatere \u0219i vot s-a&hellip;<\/p>\n","protected":false},"author":0,"featured_media":38247,"comment_status":"open","ping_status":"open","sticky":false,"template":"","format":"standard","meta":{"footnotes":""},"categories":[2],"tags":[],"class_list":["post-38255","post","type-post","status-publish","format-standard","has-post-thumbnail","hentry","category-actual"],"_links":{"self":[{"href":"https:\/\/247stiri.ro\/index.php\/wp-json\/wp\/v2\/posts\/38255","targetHints":{"allow":["GET"]}}],"collection":[{"href":"https:\/\/247stiri.ro\/index.php\/wp-json\/wp\/v2\/posts"}],"about":[{"href":"https:\/\/247stiri.ro\/index.php\/wp-json\/wp\/v2\/types\/post"}],"replies":[{"embeddable":true,"href":"https:\/\/247stiri.ro\/index.php\/wp-json\/wp\/v2\/comments?post=38255"}],"version-history":[{"count":0,"href":"https:\/\/247stiri.ro\/index.php\/wp-json\/wp\/v2\/posts\/38255\/revisions"}],"wp:featuredmedia":[{"embeddable":true,"href":"https:\/\/247stiri.ro\/index.php\/wp-json\/wp\/v2\/media\/38247"}],"wp:attachment":[{"href":"https:\/\/247stiri.ro\/index.php\/wp-json\/wp\/v2\/media?parent=38255"}],"wp:term":[{"taxonomy":"category","embeddable":true,"href":"https:\/\/247stiri.ro\/index.php\/wp-json\/wp\/v2\/categories?post=38255"},{"taxonomy":"post_tag","embeddable":true,"href":"https:\/\/247stiri.ro\/index.php\/wp-json\/wp\/v2\/tags?post=38255"}],"curies":[{"name":"wp","href":"https:\/\/api.w.org\/{rel}","templated":true}]}}