{"id":38259,"date":"2025-03-10T15:44:58","date_gmt":"2025-03-10T15:44:58","guid":{"rendered":"https:\/\/247stiri.ro\/index.php\/2025\/03\/10\/incident-violent-in-giurgiu-un-tanar-de-18-ani-a-fost-prins-de-oamenii-legii-dupa-ce-a-taiat-un-barbat-in-plina-zi\/"},"modified":"2025-03-10T15:44:58","modified_gmt":"2025-03-10T15:44:58","slug":"incident-violent-in-giurgiu-un-tanar-de-18-ani-a-fost-prins-de-oamenii-legii-dupa-ce-a-taiat-un-barbat-in-plina-zi","status":"publish","type":"post","link":"https:\/\/247stiri.ro\/index.php\/2025\/03\/10\/incident-violent-in-giurgiu-un-tanar-de-18-ani-a-fost-prins-de-oamenii-legii-dupa-ce-a-taiat-un-barbat-in-plina-zi\/","title":{"rendered":"Incident violent \u00een Giurgiu: un t\u00e2n\u0103r, de 18 ani, a fost prins de oamenii legii dup\u0103 ce a t\u0103iat un b\u0103rbat \u00een plin\u0103 zi"},"content":{"rendered":"<p>Ce au anun\u021bat oamenii legii \u00een acest caz<\/p>\n<p>Potrivit Inspectoratului de Poli\u021bie Jude\u021bean Giurgiu, incidentul s-a petrecut ieri, \u00een jurul orei 14:10. Poli\u021bi\u0219tii Serviciului Jude\u021bean de Poli\u021bie Transporturi Giurgiu au fost alerta\u021bi printr-un apel la 112, care anun\u021ba un conflict soldat cu o persoan\u0103 r\u0103nit\u0103.<\/p>\n<p><a href=\"https:\/\/www.realitatea.net\/stiri\/actual\/alerta-la-o-scoala-din-sectorul-6-un-briceag-cu-lama-de-20-de-centimetri-gasit-in-toaleta-un-elev-de-clasa-a-iva-la-ascuns-acolo_67c98cc04621237198096a02\" target=\"_blank\">Din primele verific\u0103ri,<\/a> anchetatorii au stabilit c\u0103, pe fondul unei alterca\u021bii, t\u00e2n\u0103rul de 18 ani, din Giurgiu, ar fi scos un briceag \u0219i l-ar fi t\u0103iat la antebra\u021bul st\u00e2ng pe un b\u0103rbat de 28 de ani, din jude\u021bul Teleorman. Victima a fost transportat\u0103 de urgen\u021b\u0103 la spital pentru \u00eengrijiri medicale.<\/p>\n<p><a href=\"https:\/\/www.realitatea.net\/stiri\/actual\/tineri-cercetati-dupa-ce-au-amenintat-cu-briceagul-un-barbat-si-lau-obligat-sa-scoata-200-de-lei-dintrun-bancomat-in-capitala_679b404c10f30d504c2f1852\" target=\"_blank\">\u00cen urma administr\u0103rii probatoriului,<\/a> suspectul a fost re\u021binut pentru 24 de ore, fiind acuzat de lovire sau alte violen\u021be, precum \u0219i de tulburarea ordinii \u0219i lini\u0219tii publice.<\/p>\n<p>Ast\u0103zi, t\u00e2n\u0103rul urmeaz\u0103 s\u0103 fie prezentat procurorilor din cadrul Parchetului de pe l\u00e2ng\u0103 Judec\u0103toria Giurgiu, \u00een vederea dispunerii m\u0103surilor legale. Ancheta continu\u0103 pentru stabilirea tuturor circumstan\u021belor incidentului.<\/p>","protected":false},"excerpt":{"rendered":"<p>Ce au anun\u021bat oamenii legii \u00een acest caz Potrivit Inspectoratului de Poli\u021bie Jude\u021bean Giurgiu, incidentul&hellip;<\/p>\n","protected":false},"author":0,"featured_media":38260,"comment_status":"open","ping_status":"open","sticky":false,"template":"","format":"standard","meta":{"footnotes":""},"categories":[2],"tags":[],"class_list":["post-38259","post","type-post","status-publish","format-standard","has-post-thumbnail","hentry","category-actual"],"_links":{"self":[{"href":"https:\/\/247stiri.ro\/index.php\/wp-json\/wp\/v2\/posts\/38259","targetHints":{"allow":["GET"]}}],"collection":[{"href":"https:\/\/247stiri.ro\/index.php\/wp-json\/wp\/v2\/posts"}],"about":[{"href":"https:\/\/247stiri.ro\/index.php\/wp-json\/wp\/v2\/types\/post"}],"replies":[{"embeddable":true,"href":"https:\/\/247stiri.ro\/index.php\/wp-json\/wp\/v2\/comments?post=38259"}],"version-history":[{"count":0,"href":"https:\/\/247stiri.ro\/index.php\/wp-json\/wp\/v2\/posts\/38259\/revisions"}],"wp:featuredmedia":[{"embeddable":true,"href":"https:\/\/247stiri.ro\/index.php\/wp-json\/wp\/v2\/media\/38260"}],"wp:attachment":[{"href":"https:\/\/247stiri.ro\/index.php\/wp-json\/wp\/v2\/media?parent=38259"}],"wp:term":[{"taxonomy":"category","embeddable":true,"href":"https:\/\/247stiri.ro\/index.php\/wp-json\/wp\/v2\/categories?post=38259"},{"taxonomy":"post_tag","embeddable":true,"href":"https:\/\/247stiri.ro\/index.php\/wp-json\/wp\/v2\/tags?post=38259"}],"curies":[{"name":"wp","href":"https:\/\/api.w.org\/{rel}","templated":true}]}}